{"id":6172,"date":"2024-06-13T23:17:55","date_gmt":"2024-06-14T02:17:55","guid":{"rendered":"https:\/\/sinttelrs.org.br\/?p=6172"},"modified":"2024-06-13T23:19:51","modified_gmt":"2024-06-14T02:19:51","slug":"vero-renovare-unifique-sygo-e-demais-provedores","status":"publish","type":"post","link":"https:\/\/sinttelrs.org.br\/?p=6172","title":{"rendered":"Vero\/Renovare, Unifique\/Sygo e demais provedores:"},"content":{"rendered":"\n<p>Foi realizada assembleias de Pauta de reivindica\u00e7\u00f5es dos empregados destes empregados, nos dias: 21, 22 e 23 de maio. Onde foi aprovada estas propostas de renova\u00e7\u00e3o destes Acordos e Conven\u00e7\u00e3o de trabalho dos Provedores do RS, que ser\u00e3o entregues para as empresas na pr\u00f3xima semana. E vamos propor iniciar as negocia\u00e7\u00f5es, na primeira semana de junho. Quando tivermos conclu\u00edda as negocia\u00e7\u00f5es, estaremos convocando assembleias para analise e delibera\u00e7\u00e3o sobre da proposta negociada com estes Provedores.<\/p>\n","protected":false},"excerpt":{"rendered":"<p>Foi realizada assembleias de Pauta de reivindica\u00e7\u00f5es dos empregados destes empregados, nos dias: 21, 22 e 23 de maio. Onde foi aprovada estas propostas de renova\u00e7\u00e3o destes Acordos e Conven\u00e7\u00e3o de trabalho dos Provedores do RS, que ser\u00e3o entregues para as empresas na pr\u00f3xima semana. E vamos propor iniciar as negocia\u00e7\u00f5es, na primeira semana de &hellip; <\/p>\n<p class=\"link-more\"><a href=\"https:\/\/sinttelrs.org.br\/?p=6172\" class=\"more-link\">Continue lendo<span class=\"screen-reader-text\"> &#8220;Vero\/Renovare, Unifique\/Sygo e demais provedores:&#8221;<\/span><\/a><\/p>\n","protected":false},"author":1,"featured_media":6174,"comment_status":"open","ping_status":"open","sticky":false,"template":"","format":"standard","meta":{"footnotes":""},"categories":[200],"tags":[183,459,187,188],"data-base":[],"seguimento-empresa":[],"nome_empresa":[],"convencoes":[],"acordos_coletivos":[],"class_list":["post-6172","post","type-post","status-publish","format-standard","has-post-thumbnail","hentry","category-provedores","tag-renovare","tag-sygo","tag-unifique","tag-vero"],"_links":{"self":[{"href":"https:\/\/sinttelrs.org.br\/index.php?rest_route=\/wp\/v2\/posts\/6172","targetHints":{"allow":["GET"]}}],"collection":[{"href":"https:\/\/sinttelrs.org.br\/index.php?rest_route=\/wp\/v2\/posts"}],"about":[{"href":"https:\/\/sinttelrs.org.br\/index.php?rest_route=\/wp\/v2\/types\/post"}],"author":[{"embeddable":true,"href":"https:\/\/sinttelrs.org.br\/index.php?rest_route=\/wp\/v2\/users\/1"}],"replies":[{"embeddable":true,"href":"https:\/\/sinttelrs.org.br\/index.php?rest_route=%2Fwp%2Fv2%2Fcomments&post=6172"}],"version-history":[{"count":1,"href":"https:\/\/sinttelrs.org.br\/index.php?rest_route=\/wp\/v2\/posts\/6172\/revisions"}],"predecessor-version":[{"id":6173,"href":"https:\/\/sinttelrs.org.br\/index.php?rest_route=\/wp\/v2\/posts\/6172\/revisions\/6173"}],"wp:featuredmedia":[{"embeddable":true,"href":"https:\/\/sinttelrs.org.br\/index.php?rest_route=\/wp\/v2\/media\/6174"}],"wp:attachment":[{"href":"https:\/\/sinttelrs.org.br\/index.php?rest_route=%2Fwp%2Fv2%2Fmedia&parent=6172"}],"wp:term":[{"taxonomy":"category","embeddable":true,"href":"https:\/\/sinttelrs.org.br\/index.php?rest_route=%2Fwp%2Fv2%2Fcategories&post=6172"},{"taxonomy":"post_tag","embeddable":true,"href":"https:\/\/sinttelrs.org.br\/index.php?rest_route=%2Fwp%2Fv2%2Ftags&post=6172"},{"taxonomy":"data-base","embeddable":true,"href":"https:\/\/sinttelrs.org.br\/index.php?rest_route=%2Fwp%2Fv2%2Fdata-base&post=6172"},{"taxonomy":"seguimento-empresa","embeddable":true,"href":"https:\/\/sinttelrs.org.br\/index.php?rest_route=%2Fwp%2Fv2%2Fseguimento-empresa&post=6172"},{"taxonomy":"nome_empresa","embeddable":true,"href":"https:\/\/sinttelrs.org.br\/index.php?rest_route=%2Fwp%2Fv2%2Fnome_empresa&post=6172"},{"taxonomy":"convencoes","embeddable":true,"href":"https:\/\/sinttelrs.org.br\/index.php?rest_route=%2Fwp%2Fv2%2Fconvencoes&post=6172"},{"taxonomy":"acordos_coletivos","embeddable":true,"href":"https:\/\/sinttelrs.org.br\/index.php?rest_route=%2Fwp%2Fv2%2Facordos_coletivos&post=6172"}],"curies":[{"name":"wp","href":"https:\/\/api.w.org\/{rel}","templated":true}]}}