{"id":1652,"date":"2024-04-11T10:47:36","date_gmt":"2024-04-11T13:47:36","guid":{"rendered":"http:\/\/new.sinttelrs.org.br\/?p=1652"},"modified":"2024-04-25T10:57:40","modified_gmt":"2024-04-25T13:57:40","slug":"contel-trabalhadores-aprovam-primeiro-act-negociado-com-o-sinttel-rs","status":"publish","type":"post","link":"https:\/\/sinttelrs.org.br\/?p=1652","title":{"rendered":"CONTEL: Trabalhadores aprovam primeiro ACT negociado com o SINTTEL-RS"},"content":{"rendered":"\n<ul class=\"wp-block-list\">\n<li><a href=\"http:\/\/www.sinttelrs.org.br\/index.php\/component\/content\/article\/84-destaques\/2149-contel-trabalhadores-aprovam-primeiro-act-negociado-com-o-sinttel-rs#\"><\/a><\/li>\n\n\n\n<li><a href=\"http:\/\/www.sinttelrs.org.br\/index.php\/component\/content\/article\/84-destaques\/2149-contel-trabalhadores-aprovam-primeiro-act-negociado-com-o-sinttel-rs#\"><\/a><\/li>\n<\/ul>\n\n\n\n<p>Em assembleia presencial realizada dia 25 de mar\u00e7o, os\/as trabalhadores\/as na CONTEL TELECOM aprovaram a proposta para celebra\u00e7\u00e3o do primeiro Acordo Coletivo (ACT 2023\/2025) negociado pelo SINTTEL-RS com a empresa, que ter\u00e1 validade de dois anos, com data-base em junho e revis\u00e3o das cl\u00e1usulas econ\u00f4micas em junho de 2024.<\/p>\n\n\n\n<p>Entre os itens aprovados pela categoria est\u00e3o piso salarial dos trabalhadores com carga hor\u00e1ria de 220 horas no valor de R$ 2.000,00; reajuste salarial de 3%, a partir de 01\/06\/2023, sobre o valor dos sal\u00e1rios praticados em 31\/05\/2023; aux\u00edlio-alimenta\u00e7\u00e3o de R$ 21.00 por dia de trabalho, sem \u00f4nus para o empregado; cesta natalina; aux\u00edlio-creche; aux\u00edlio filho com defici\u00eancia, entre outros benef\u00edcios.<\/p>\n\n\n\n<p>Tamb\u00e9m ficou garantido no ACT o compromisso da empresa de negociar a ades\u00e3o ao conv\u00eanio do INSTITUTO AVAN\u00c7AR\/SINTTEL-RS com o SENAI, para forma\u00e7\u00e3o de turmas mistas ou exclusivas entre os empregados das Empresas do setor, a fim de realizar a forma\u00e7\u00e3o e qualifica\u00e7\u00e3o profissional.<\/p>\n\n\n\n<p>Agora, cabe aos trabalhadores fazerem valer seus direitos e, qualquer descumprimento, deve ser imediato reportado ao Sindicato, para que a entidade possa tomar as medidas necess\u00e1rias.<\/p>\n\n\n\n<p>O SINTTEL-RS reitera a import\u00e2ncia da sindicaliza\u00e7\u00e3o. Ela \u00e9 fundamental para o fortalecimento do Sindicato e da luta dos trabalhadores em defesa de seus direitos e empregos. Juntos, somos mais fortes.<\/p>\n\n\n\n<p>Confira&nbsp;<a href=\"http:\/\/www.sinttelrs.org.br\/images\/Boletins\/2024\/03._Mar%C3%A7o\/2941_Contel.pdf\"><strong>AQUI<\/strong>&nbsp;<\/a>o Parceiro 2941 com o resumo da proposta.<\/p>\n\n\n\n<p>Assessoria de Comunica\u00e7\u00e3o<\/p>\n","protected":false},"excerpt":{"rendered":"<p>Em assembleia presencial realizada dia 25 de mar\u00e7o, os\/as trabalhadores\/as na CONTEL TELECOM aprovaram a proposta para celebra\u00e7\u00e3o do primeiro Acordo Coletivo (ACT 2023\/2025) negociado pelo SINTTEL-RS com a empresa, que ter\u00e1 validade de dois anos, com data-base em junho e revis\u00e3o das cl\u00e1usulas econ\u00f4micas em junho de 2024. Entre os itens aprovados pela categoria &hellip; <\/p>\n<p class=\"link-more\"><a href=\"https:\/\/sinttelrs.org.br\/?p=1652\" class=\"more-link\">Continue lendo<span class=\"screen-reader-text\"> &#8220;CONTEL: Trabalhadores aprovam primeiro ACT negociado com o SINTTEL-RS&#8221;<\/span><\/a><\/p>\n","protected":false},"author":1,"featured_media":4584,"comment_status":"open","ping_status":"open","sticky":false,"template":"","format":"standard","meta":{"footnotes":""},"categories":[200],"tags":[],"data-base":[],"seguimento-empresa":[],"nome_empresa":[],"convencoes":[],"acordos_coletivos":[],"class_list":["post-1652","post","type-post","status-publish","format-standard","has-post-thumbnail","hentry","category-provedores"],"_links":{"self":[{"href":"https:\/\/sinttelrs.org.br\/index.php?rest_route=\/wp\/v2\/posts\/1652","targetHints":{"allow":["GET"]}}],"collection":[{"href":"https:\/\/sinttelrs.org.br\/index.php?rest_route=\/wp\/v2\/posts"}],"about":[{"href":"https:\/\/sinttelrs.org.br\/index.php?rest_route=\/wp\/v2\/types\/post"}],"author":[{"embeddable":true,"href":"https:\/\/sinttelrs.org.br\/index.php?rest_route=\/wp\/v2\/users\/1"}],"replies":[{"embeddable":true,"href":"https:\/\/sinttelrs.org.br\/index.php?rest_route=%2Fwp%2Fv2%2Fcomments&post=1652"}],"version-history":[{"count":1,"href":"https:\/\/sinttelrs.org.br\/index.php?rest_route=\/wp\/v2\/posts\/1652\/revisions"}],"predecessor-version":[{"id":1654,"href":"https:\/\/sinttelrs.org.br\/index.php?rest_route=\/wp\/v2\/posts\/1652\/revisions\/1654"}],"wp:featuredmedia":[{"embeddable":true,"href":"https:\/\/sinttelrs.org.br\/index.php?rest_route=\/wp\/v2\/media\/4584"}],"wp:attachment":[{"href":"https:\/\/sinttelrs.org.br\/index.php?rest_route=%2Fwp%2Fv2%2Fmedia&parent=1652"}],"wp:term":[{"taxonomy":"category","embeddable":true,"href":"https:\/\/sinttelrs.org.br\/index.php?rest_route=%2Fwp%2Fv2%2Fcategories&post=1652"},{"taxonomy":"post_tag","embeddable":true,"href":"https:\/\/sinttelrs.org.br\/index.php?rest_route=%2Fwp%2Fv2%2Ftags&post=1652"},{"taxonomy":"data-base","embeddable":true,"href":"https:\/\/sinttelrs.org.br\/index.php?rest_route=%2Fwp%2Fv2%2Fdata-base&post=1652"},{"taxonomy":"seguimento-empresa","embeddable":true,"href":"https:\/\/sinttelrs.org.br\/index.php?rest_route=%2Fwp%2Fv2%2Fseguimento-empresa&post=1652"},{"taxonomy":"nome_empresa","embeddable":true,"href":"https:\/\/sinttelrs.org.br\/index.php?rest_route=%2Fwp%2Fv2%2Fnome_empresa&post=1652"},{"taxonomy":"convencoes","embeddable":true,"href":"https:\/\/sinttelrs.org.br\/index.php?rest_route=%2Fwp%2Fv2%2Fconvencoes&post=1652"},{"taxonomy":"acordos_coletivos","embeddable":true,"href":"https:\/\/sinttelrs.org.br\/index.php?rest_route=%2Fwp%2Fv2%2Facordos_coletivos&post=1652"}],"curies":[{"name":"wp","href":"https:\/\/api.w.org\/{rel}","templated":true}]}}