{"id":12382,"date":"2026-04-30T12:20:04","date_gmt":"2026-04-30T15:20:04","guid":{"rendered":"https:\/\/sinttelrs.org.br\/?p=12382"},"modified":"2026-04-30T12:20:04","modified_gmt":"2026-04-30T15:20:04","slug":"seminario-fsst-sem-mobilizacao-trabalhador-continua-adoecendo-e-morrendo","status":"publish","type":"post","link":"https:\/\/sinttelrs.org.br\/?p=12382","title":{"rendered":"SEMIN\u00c1RIO FSST: SEM MOBILIZA\u00c7\u00c3O, TRABALHADOR CONTINUA ADOECENDO E MORRENDO"},"content":{"rendered":"\n<p>Em 28 de abril, em Porto Alegre, o F\u00f3rum Sindical de Sa\u00fade do Trabalhador (FSST) celebrou 20 anos reafirmando que o trabalho deve ser espa\u00e7o de vida, n\u00e3o de adoecimento e morte. O evento reuniu sindicalistas, especialistas e trabalhadores, com um consenso: s\u00f3 a organiza\u00e7\u00e3o coletiva pode mudar a realidade. Os dirigentes do SINTTEL-RS, Adriana Moraes, vice-presidente, e Juan Sanches, da pasta de sa\u00fade do trabalhador, participaram ativamente do encontro.<\/p>\n\n\n\n<p>Depois das boas vindas e sauda\u00e7\u00f5es do presidente da CUT-RS, Amarildo Cenci, foi a vez dos especialistas convidados falarem sobre os temas do evento, que abordaram a precariza\u00e7\u00e3o do trabalho, riscos psicossociais (NR-1) e benzeno.<\/p>\n\n\n\n<p>LUTA PELO RECONHECIMENTO DO ADOECIMENTO<br>O advogado Jo\u00e3o Lucas destacou a evolu\u00e7\u00e3o jur\u00eddica: &#8220;N\u00e3o era s\u00f3 o acidente t\u00edpico. Lutamos muito para reconhecer LER\/DORT&#8221;. Ele apontou o nexo t\u00e9cnico epidemiol\u00f3gico como ferramenta subutilizada e alertou para a atual &#8220;terceira fase&#8221;: os riscos psicossociais. Sobre a NR-1, questionou: &#8220;A norma determina que a empresa identifique o risco psicossocial. Mas quem est\u00e1 fazendo isso?&#8221; Denunciou ainda o ciclo de adoecimento: &#8220;O trabalhador se afasta, trata e volta para o mesmo ambiente&#8221;.<\/p>\n\n\n\n<p>MODELO DE TRABALHO ADOECE A CLASSE<br>A ju\u00edza Valdete Souto Severo afirmou: &#8220;A l\u00f3gica das metas n\u00e3o \u00e9 neutra. Ela extrai mais trabalho e a sa\u00fade do trabalhador&#8221;. Criticou a insalubridade como dano, n\u00e3o risco, e o adoecimento mental: &#8220;O Brasil \u00e9 um dos pa\u00edses com maior n\u00famero de afastamentos por burnout. Vivemos numa sociedade medicalizada&#8221;. Concluiu: &#8220;O movimento sindical precisa retomar a radicalidade&#8221;.<\/p>\n\n\n\n<p>NR-1 N\u00c3O TRANSFORMA SEM LUTA<br>O auditor do trabalho, Luiz Scienza disse: &#8220;A NR-1 nasceu numa l\u00f3gica neoliberal. O patr\u00e3o adora, porque permite dizer que est\u00e1 tudo certo&#8221;. Sobre riscos psicossociais, acrescentou: &#8220;Ass\u00e9dio n\u00e3o se identifica com planilha. Quem identifica \u00e9 o trabalhador que sofre. Sem mobiliza\u00e7\u00e3o, nada muda&#8221;.<\/p>\n\n\n\n<p>DIREITOS S\u00c3O CONQUISTADOS<br>O superintendente Claudir Nespolo lembrou: &#8220;A Constitui\u00e7\u00e3o de 1988 vem sendo desmontada&#8221;. Ele lembrou os mais 470 mil afastamentos por transtornos mentais em 2024 e provocou: &#8220;O patr\u00e3o organiza a produ\u00e7\u00e3o. E n\u00f3s, organizamos a defesa da sa\u00fade?&#8221;<\/p>\n\n\n\n<p>TRABALHO COMO SIN\u00d4NIMO DE VIDA<br>O deputado Miguel Rossetto refor\u00e7ou: &#8220;O espa\u00e7o do trabalho n\u00e3o pode ser da doen\u00e7a ou da morte. Tem que ser de vida&#8221;.<\/p>\n\n\n\n<p>Relatos da base &#8211; Houve depoimentos emocionantes de um trabalhador acidentado no Polo e da vi\u00fava de um trabalhador que morreu de leucemia em busca de nexo causal em fun\u00e7\u00e3o da exposi\u00e7\u00e3o ao Benzeno.<\/p>\n\n\n\n<p>Na sequ\u00eancia, foram abertas as falas aos participantes. O representante dos trabalhadores em telecomunica\u00e7\u00f5es. Juan Sanches, se manifestou parabenizando o evento e os 20 anos do F\u00f3rum Sindical de Sa\u00fade do Trabalhador (FSST), do qual o SINTTEL-RS faz parte.<\/p>\n\n\n\n<p>Para Juan, encontros como o semin\u00e1rio ajudam a compreender n\u00e3o s\u00f3 as situa\u00e7\u00f5es da categoria, mas uma s\u00e9rie de outras situa\u00e7\u00f5es. \u201cAqui n\u00f3s aprendemos a conhecer a dor do outro e a tentar construir solu\u00e7\u00f5es propostas. O F\u00f3rum prop\u00f5e pol\u00edticas p\u00fablicas, transcende limites do estado e institucionais. Isso porque n\u00f3s nos permitimos permear outras inst\u00e2ncias de poder. Com nossos estudos, com nossos documentos, conseguimos sim permear o poder. E vamos continuar fazendo isso\u201d, acrescentou.<\/p>\n\n\n\n<p>Finalizando, lembrou: \u201cAcreditamos que daqui a 20 anos, quando outras e outros trabalhadores estiverem aqui comemorando a exist\u00eancia do F\u00f3rum, j\u00e1 teremos conquistado solu\u00e7\u00f5es para a classe trabalhadora. Teremos outros ambientes de trabalho, ambientes que s\u00e3o necess\u00e1rios e que continuemos acolhendo\u201d.<\/p>\n\n\n\n<p>Depois dos debates e coloca\u00e7\u00f5es, a conclus\u00e3o do evento foi un\u00e2nime: sem base organizada e mobiliza\u00e7\u00e3o, n\u00e3o h\u00e1 sa\u00fade no trabalho. A luta continua.<\/p>\n\n\n\n<p>Assessoria de Comunica\u00e7\u00e3o<\/p>\n\n\n\n<p>29\/04\/2026 19:29:40<\/p>\n\n\n\n<p><\/p>\n","protected":false},"excerpt":{"rendered":"<p>Em 28 de abril, em Porto Alegre, o F\u00f3rum Sindical de Sa\u00fade do Trabalhador (FSST) celebrou 20 anos reafirmando que o trabalho deve ser espa\u00e7o de vida, n\u00e3o de adoecimento e morte. O evento reuniu sindicalistas, especialistas e trabalhadores, com um consenso: s\u00f3 a organiza\u00e7\u00e3o coletiva pode mudar a realidade. Os dirigentes do SINTTEL-RS, Adriana &hellip; <\/p>\n<p class=\"link-more\"><a href=\"https:\/\/sinttelrs.org.br\/?p=12382\" class=\"more-link\">Continue lendo<span class=\"screen-reader-text\"> &#8220;SEMIN\u00c1RIO FSST: SEM MOBILIZA\u00c7\u00c3O, TRABALHADOR CONTINUA ADOECENDO E MORRENDO&#8221;<\/span><\/a><\/p>\n","protected":false},"author":2,"featured_media":12383,"comment_status":"closed","ping_status":"closed","sticky":false,"template":"","format":"standard","meta":{"footnotes":""},"categories":[8],"tags":[],"data-base":[],"seguimento-empresa":[],"nome_empresa":[],"convencoes":[],"acordos_coletivos":[],"class_list":["post-12382","post","type-post","status-publish","format-standard","has-post-thumbnail","hentry","category-destaques"],"_links":{"self":[{"href":"https:\/\/sinttelrs.org.br\/index.php?rest_route=\/wp\/v2\/posts\/12382","targetHints":{"allow":["GET"]}}],"collection":[{"href":"https:\/\/sinttelrs.org.br\/index.php?rest_route=\/wp\/v2\/posts"}],"about":[{"href":"https:\/\/sinttelrs.org.br\/index.php?rest_route=\/wp\/v2\/types\/post"}],"author":[{"embeddable":true,"href":"https:\/\/sinttelrs.org.br\/index.php?rest_route=\/wp\/v2\/users\/2"}],"replies":[{"embeddable":true,"href":"https:\/\/sinttelrs.org.br\/index.php?rest_route=%2Fwp%2Fv2%2Fcomments&post=12382"}],"version-history":[{"count":1,"href":"https:\/\/sinttelrs.org.br\/index.php?rest_route=\/wp\/v2\/posts\/12382\/revisions"}],"predecessor-version":[{"id":12384,"href":"https:\/\/sinttelrs.org.br\/index.php?rest_route=\/wp\/v2\/posts\/12382\/revisions\/12384"}],"wp:featuredmedia":[{"embeddable":true,"href":"https:\/\/sinttelrs.org.br\/index.php?rest_route=\/wp\/v2\/media\/12383"}],"wp:attachment":[{"href":"https:\/\/sinttelrs.org.br\/index.php?rest_route=%2Fwp%2Fv2%2Fmedia&parent=12382"}],"wp:term":[{"taxonomy":"category","embeddable":true,"href":"https:\/\/sinttelrs.org.br\/index.php?rest_route=%2Fwp%2Fv2%2Fcategories&post=12382"},{"taxonomy":"post_tag","embeddable":true,"href":"https:\/\/sinttelrs.org.br\/index.php?rest_route=%2Fwp%2Fv2%2Ftags&post=12382"},{"taxonomy":"data-base","embeddable":true,"href":"https:\/\/sinttelrs.org.br\/index.php?rest_route=%2Fwp%2Fv2%2Fdata-base&post=12382"},{"taxonomy":"seguimento-empresa","embeddable":true,"href":"https:\/\/sinttelrs.org.br\/index.php?rest_route=%2Fwp%2Fv2%2Fseguimento-empresa&post=12382"},{"taxonomy":"nome_empresa","embeddable":true,"href":"https:\/\/sinttelrs.org.br\/index.php?rest_route=%2Fwp%2Fv2%2Fnome_empresa&post=12382"},{"taxonomy":"convencoes","embeddable":true,"href":"https:\/\/sinttelrs.org.br\/index.php?rest_route=%2Fwp%2Fv2%2Fconvencoes&post=12382"},{"taxonomy":"acordos_coletivos","embeddable":true,"href":"https:\/\/sinttelrs.org.br\/index.php?rest_route=%2Fwp%2Fv2%2Facordos_coletivos&post=12382"}],"curies":[{"name":"wp","href":"https:\/\/api.w.org\/{rel}","templated":true}]}}