{"id":12294,"date":"2026-03-13T13:39:30","date_gmt":"2026-03-13T16:39:30","guid":{"rendered":"https:\/\/sinttelrs.org.br\/?p=12294"},"modified":"2026-03-13T13:39:31","modified_gmt":"2026-03-13T16:39:31","slug":"sinttel-rs-cobra-transparencia-e-segue-na-luta-pelos-direitos-dos-trabalhadores-da-serede","status":"publish","type":"post","link":"https:\/\/sinttelrs.org.br\/?p=12294","title":{"rendered":"SINTTEL-RS COBRA TRANSPAR\u00caNCIA E SEGUE NA LUTA PELOS DIREITOS DOS TRABALHADORES DA SEREDE"},"content":{"rendered":"\n<p>O SINTTEL-RS segue acompanhando atentamente a grave situa\u00e7\u00e3o enfrentada pelos trabalhadores e trabalhadoras da Serede\/Oi, marcada por incertezas, falta de informa\u00e7\u00f5es claras e desrespeito a direitos b\u00e1sicos. O sindicato tem atuado de forma permanente, buscando di\u00e1logo com as empresas, cobrando respostas e recorrendo tamb\u00e9m \u00e0 Justi\u00e7a no Rio Grande do Sul para garantir que os direitos da categoria sejam preservados.<\/p>\n\n\n\n<p>Nesta semana, as federa\u00e7\u00f5es nacionais do setor \u2014 Fenattel, Fitratelp e Fittlivre \u2014 encaminharam um pedido de audi\u00eancia urgente ao gestor judicial da Oi, Bruno Rezende. As entidades cobram esclarecimentos sobre o processo de venda de ativos da companhia e sobre o futuro dos trabalhadores, diante da profunda inseguran\u00e7a que tem tomado conta da categoria.<\/p>\n\n\n\n<p>Segundo as federa\u00e7\u00f5es, a aus\u00eancia de comunica\u00e7\u00e3o transparente sobre os rumos da empresa tem gerado forte impacto na sa\u00fade mental, f\u00edsica e emocional dos empregados. O ambiente de trabalho marcado pela instabilidade e pela falta de defini\u00e7\u00e3o sobre fun\u00e7\u00f5es e perspectivas profissionais tem provocado desgaste e sofrimento entre trabalhadores que seguem aguardando respostas.<\/p>\n\n\n\n<p>Outro ponto denunciado pelas entidades sindicais \u00e9 a situa\u00e7\u00e3o de trabalhadores que permanecem sem atividades definidas ap\u00f3s a paralisa\u00e7\u00e3o de parte das opera\u00e7\u00f5es da empresa. Para esses casos, as federa\u00e7\u00f5es defendem a cria\u00e7\u00e3o de um Programa de Incentivo ao Desligamento (PDV), garantindo que eventuais desligamentos ocorram com o pagamento integral das verbas rescis\u00f3rias, respeitando o car\u00e1ter alimentar dos direitos trabalhistas.<\/p>\n\n\n\n<p>Os sindicatos tamb\u00e9m cobram transpar\u00eancia sobre diversos temas que impactam diretamente a vida dos trabalhadores, como o resultado do programa de participa\u00e7\u00e3o nos resultados Placar 2025, o pagamento de eventuais premia\u00e7\u00f5es e o futuro de diferentes ativos da companhia.<\/p>\n\n\n\n<p>Entre os pontos que geram maior preocupa\u00e7\u00e3o est\u00e1 a recente autoriza\u00e7\u00e3o judicial para a venda de uma nova Unidade Produtiva Isolada (UPI) relacionada aos servi\u00e7os de telefonia fixa e n\u00fameros de tr\u00eas d\u00edgitos, que seguem operando em milhares de localidades pelo pa\u00eds. As entidades exigem que a administra\u00e7\u00e3o judicial apresente um planejamento claro para os pr\u00f3ximos meses e esclare\u00e7a se h\u00e1 perspectiva de continuidade das opera\u00e7\u00f5es ou se a empresa caminha para um processo de fal\u00eancia.<\/p>\n\n\n\n<p>Tamb\u00e9m s\u00e3o cobradas informa\u00e7\u00f5es sobre o leil\u00e3o de ativos importantes, como as a\u00e7\u00f5es da V.tal, a venda de im\u00f3veis da companhia e o futuro de unidades e empresas ligadas ao grupo, al\u00e9m da regulariza\u00e7\u00e3o de passivos trabalhistas que atingem trabalhadores da Serede e de empresas terceirizadas.<\/p>\n\n\n\n<p>Diante desse cen\u00e1rio, o SINTTEL-RS reafirma que seguir\u00e1 vigilante e atuante, utilizando todos os instrumentos poss\u00edveis \u2014 negocia\u00e7\u00e3o, mobiliza\u00e7\u00e3o e medidas judiciais \u2014 para defender os direitos da categoria. O sindicato tem buscado permanentemente a Justi\u00e7a do Trabalho no Rio Grande do Sul e pressionado as empresas respons\u00e1veis para que assumam suas obriga\u00e7\u00f5es com os trabalhadores.<\/p>\n\n\n\n<p>Para o sindicato, n\u00e3o \u00e9 aceit\u00e1vel que milhares de trabalhadores e trabalhadoras permane\u00e7am em um cen\u00e1rio de incerteza, sem respostas e sem garantias sobre seus direitos.<\/p>\n\n\n\n<p>A luta do SINTTEL-RS continua. Nenhum direito a menos e respeito a quem construiu, com seu trabalho, a hist\u00f3ria das telecomunica\u00e7\u00f5es no pa\u00eds.<\/p>\n\n\n\n<p>Assessoria de Comunica\u00e7\u00e3o<\/p>\n\n\n\n<p>13\/03\/2026 13:01:50<\/p>\n\n\n\n<p><\/p>\n","protected":false},"excerpt":{"rendered":"<p>O SINTTEL-RS segue acompanhando atentamente a grave situa\u00e7\u00e3o enfrentada pelos trabalhadores e trabalhadoras da Serede\/Oi, marcada por incertezas, falta de informa\u00e7\u00f5es claras e desrespeito a direitos b\u00e1sicos. O sindicato tem atuado de forma permanente, buscando di\u00e1logo com as empresas, cobrando respostas e recorrendo tamb\u00e9m \u00e0 Justi\u00e7a no Rio Grande do Sul para garantir que os &hellip; <\/p>\n<p class=\"link-more\"><a href=\"https:\/\/sinttelrs.org.br\/?p=12294\" class=\"more-link\">Continue lendo<span class=\"screen-reader-text\"> &#8220;SINTTEL-RS COBRA TRANSPAR\u00caNCIA E SEGUE NA LUTA PELOS DIREITOS DOS TRABALHADORES DA SEREDE&#8221;<\/span><\/a><\/p>\n","protected":false},"author":2,"featured_media":12295,"comment_status":"closed","ping_status":"closed","sticky":false,"template":"","format":"standard","meta":{"footnotes":""},"categories":[8],"tags":[],"data-base":[],"seguimento-empresa":[],"nome_empresa":[],"convencoes":[],"acordos_coletivos":[],"class_list":["post-12294","post","type-post","status-publish","format-standard","has-post-thumbnail","hentry","category-destaques"],"_links":{"self":[{"href":"https:\/\/sinttelrs.org.br\/index.php?rest_route=\/wp\/v2\/posts\/12294","targetHints":{"allow":["GET"]}}],"collection":[{"href":"https:\/\/sinttelrs.org.br\/index.php?rest_route=\/wp\/v2\/posts"}],"about":[{"href":"https:\/\/sinttelrs.org.br\/index.php?rest_route=\/wp\/v2\/types\/post"}],"author":[{"embeddable":true,"href":"https:\/\/sinttelrs.org.br\/index.php?rest_route=\/wp\/v2\/users\/2"}],"replies":[{"embeddable":true,"href":"https:\/\/sinttelrs.org.br\/index.php?rest_route=%2Fwp%2Fv2%2Fcomments&post=12294"}],"version-history":[{"count":1,"href":"https:\/\/sinttelrs.org.br\/index.php?rest_route=\/wp\/v2\/posts\/12294\/revisions"}],"predecessor-version":[{"id":12296,"href":"https:\/\/sinttelrs.org.br\/index.php?rest_route=\/wp\/v2\/posts\/12294\/revisions\/12296"}],"wp:featuredmedia":[{"embeddable":true,"href":"https:\/\/sinttelrs.org.br\/index.php?rest_route=\/wp\/v2\/media\/12295"}],"wp:attachment":[{"href":"https:\/\/sinttelrs.org.br\/index.php?rest_route=%2Fwp%2Fv2%2Fmedia&parent=12294"}],"wp:term":[{"taxonomy":"category","embeddable":true,"href":"https:\/\/sinttelrs.org.br\/index.php?rest_route=%2Fwp%2Fv2%2Fcategories&post=12294"},{"taxonomy":"post_tag","embeddable":true,"href":"https:\/\/sinttelrs.org.br\/index.php?rest_route=%2Fwp%2Fv2%2Ftags&post=12294"},{"taxonomy":"data-base","embeddable":true,"href":"https:\/\/sinttelrs.org.br\/index.php?rest_route=%2Fwp%2Fv2%2Fdata-base&post=12294"},{"taxonomy":"seguimento-empresa","embeddable":true,"href":"https:\/\/sinttelrs.org.br\/index.php?rest_route=%2Fwp%2Fv2%2Fseguimento-empresa&post=12294"},{"taxonomy":"nome_empresa","embeddable":true,"href":"https:\/\/sinttelrs.org.br\/index.php?rest_route=%2Fwp%2Fv2%2Fnome_empresa&post=12294"},{"taxonomy":"convencoes","embeddable":true,"href":"https:\/\/sinttelrs.org.br\/index.php?rest_route=%2Fwp%2Fv2%2Fconvencoes&post=12294"},{"taxonomy":"acordos_coletivos","embeddable":true,"href":"https:\/\/sinttelrs.org.br\/index.php?rest_route=%2Fwp%2Fv2%2Facordos_coletivos&post=12294"}],"curies":[{"name":"wp","href":"https:\/\/api.w.org\/{rel}","templated":true}]}}