{"id":12279,"date":"2026-03-11T11:39:55","date_gmt":"2026-03-11T14:39:55","guid":{"rendered":"https:\/\/sinttelrs.org.br\/?p=12279"},"modified":"2026-03-11T11:39:56","modified_gmt":"2026-03-11T14:39:56","slug":"sindicato-acompanha-audiencia-na-justica-do-trabalho-sobre-dividas-da-serede-e-defende-direitos-dos-trabalhadores","status":"publish","type":"post","link":"https:\/\/sinttelrs.org.br\/?p=12279","title":{"rendered":"SINDICATO ACOMPANHA AUDI\u00caNCIA NA JUSTI\u00c7A DO TRABALHO SOBRE D\u00cdVIDAS DA SEREDE E DEFENDE DIREITOS DOS TRABALHADORES"},"content":{"rendered":"\n<p>Foi realizada no dia 9 de mar\u00e7o de 2026 audi\u00eancia na 10\u00aa Vara do Trabalho de Porto Alegre, referente \u00e0 A\u00e7\u00e3o Civil Coletiva n\u00ba 0021325-91.2025.5.04.0010, movida pelo SINTTEL-RS em defesa dos trabalhadores prejudicados pela SEREDE \u2013 Servi\u00e7os de Rede S.A. e pela Oi S.A.<\/p>\n\n\n\n<p>O Sindicato esteve presente na audi\u00eancia representando os interesses da categoria. Participaram os dirigentes sindicais Fl\u00e1vio, Cleber e Mateus, acompanhados da assessoria jur\u00eddica da Dra. Ana Rita, refor\u00e7ando o compromisso da entidade com a defesa dos direitos dos trabalhadores atingidos pela situa\u00e7\u00e3o da empresa.<\/p>\n\n\n\n<p>Mais uma vez ficou evidente o desrespeito da SEREDE com os trabalhadores e com a pr\u00f3pria Justi\u00e7a do Trabalho. A empresa, atualmente em situa\u00e7\u00e3o de massa falida, n\u00e3o compareceu \u00e0 audi\u00eancia e n\u00e3o enviou qualquer representante ou advogado para prestar esclarecimentos sobre as d\u00edvidas trabalhistas que seguem prejudicando dezenas de trabalhadores.<\/p>\n\n\n\n<p>J\u00e1 a Oi S.A., que tamb\u00e9m se encontra em processo de recupera\u00e7\u00e3o judicial, esteve presente por meio de seus representantes legais.<\/p>\n\n\n\n<p>Diante da aus\u00eancia injustificada da SEREDE e da falta de comprova\u00e7\u00e3o de sua notifica\u00e7\u00e3o, a magistrada determinou que seja realizada nova intima\u00e7\u00e3o da empresa, desta vez por correspond\u00eancia com aviso de recebimento direcionado \u00e0 administradora judicial, buscando garantir que a empresa seja formalmente comunicada da a\u00e7\u00e3o.<\/p>\n\n\n\n<p>Em raz\u00e3o dessa situa\u00e7\u00e3o, a audi\u00eancia foi redesignada, ficando marcada nova data para o dia 21 de setembro de 2026, \u00e0s 14h25.<\/p>\n\n\n\n<p>O SINTTEL-RS seguir\u00e1 acompanhando de perto o processo e atuando na Justi\u00e7a e em todos os espa\u00e7os poss\u00edveis, para garantir que os trabalhadores recebam seus direitos, cobrando responsabilidade das empresas envolvidas e respeito \u00e0s decis\u00f5es judiciais.<\/p>\n\n\n\n<p>Seguimos na luta.<\/p>\n\n\n\n<p>Assessoria de Comunica\u00e7\u00e3o<\/p>\n\n\n\n<p>11\/03\/2026 11:21:22<\/p>\n\n\n\n<p><\/p>\n","protected":false},"excerpt":{"rendered":"<p>Foi realizada no dia 9 de mar\u00e7o de 2026 audi\u00eancia na 10\u00aa Vara do Trabalho de Porto Alegre, referente \u00e0 A\u00e7\u00e3o Civil Coletiva n\u00ba 0021325-91.2025.5.04.0010, movida pelo SINTTEL-RS em defesa dos trabalhadores prejudicados pela SEREDE \u2013 Servi\u00e7os de Rede S.A. e pela Oi S.A. O Sindicato esteve presente na audi\u00eancia representando os interesses da categoria. &hellip; <\/p>\n<p class=\"link-more\"><a href=\"https:\/\/sinttelrs.org.br\/?p=12279\" class=\"more-link\">Continue lendo<span class=\"screen-reader-text\"> &#8220;SINDICATO ACOMPANHA AUDI\u00caNCIA NA JUSTI\u00c7A DO TRABALHO SOBRE D\u00cdVIDAS DA SEREDE E DEFENDE DIREITOS DOS TRABALHADORES&#8221;<\/span><\/a><\/p>\n","protected":false},"author":2,"featured_media":12280,"comment_status":"closed","ping_status":"closed","sticky":false,"template":"","format":"standard","meta":{"footnotes":""},"categories":[8],"tags":[],"data-base":[],"seguimento-empresa":[],"nome_empresa":[],"convencoes":[],"acordos_coletivos":[],"class_list":["post-12279","post","type-post","status-publish","format-standard","has-post-thumbnail","hentry","category-destaques"],"_links":{"self":[{"href":"https:\/\/sinttelrs.org.br\/index.php?rest_route=\/wp\/v2\/posts\/12279","targetHints":{"allow":["GET"]}}],"collection":[{"href":"https:\/\/sinttelrs.org.br\/index.php?rest_route=\/wp\/v2\/posts"}],"about":[{"href":"https:\/\/sinttelrs.org.br\/index.php?rest_route=\/wp\/v2\/types\/post"}],"author":[{"embeddable":true,"href":"https:\/\/sinttelrs.org.br\/index.php?rest_route=\/wp\/v2\/users\/2"}],"replies":[{"embeddable":true,"href":"https:\/\/sinttelrs.org.br\/index.php?rest_route=%2Fwp%2Fv2%2Fcomments&post=12279"}],"version-history":[{"count":1,"href":"https:\/\/sinttelrs.org.br\/index.php?rest_route=\/wp\/v2\/posts\/12279\/revisions"}],"predecessor-version":[{"id":12281,"href":"https:\/\/sinttelrs.org.br\/index.php?rest_route=\/wp\/v2\/posts\/12279\/revisions\/12281"}],"wp:featuredmedia":[{"embeddable":true,"href":"https:\/\/sinttelrs.org.br\/index.php?rest_route=\/wp\/v2\/media\/12280"}],"wp:attachment":[{"href":"https:\/\/sinttelrs.org.br\/index.php?rest_route=%2Fwp%2Fv2%2Fmedia&parent=12279"}],"wp:term":[{"taxonomy":"category","embeddable":true,"href":"https:\/\/sinttelrs.org.br\/index.php?rest_route=%2Fwp%2Fv2%2Fcategories&post=12279"},{"taxonomy":"post_tag","embeddable":true,"href":"https:\/\/sinttelrs.org.br\/index.php?rest_route=%2Fwp%2Fv2%2Ftags&post=12279"},{"taxonomy":"data-base","embeddable":true,"href":"https:\/\/sinttelrs.org.br\/index.php?rest_route=%2Fwp%2Fv2%2Fdata-base&post=12279"},{"taxonomy":"seguimento-empresa","embeddable":true,"href":"https:\/\/sinttelrs.org.br\/index.php?rest_route=%2Fwp%2Fv2%2Fseguimento-empresa&post=12279"},{"taxonomy":"nome_empresa","embeddable":true,"href":"https:\/\/sinttelrs.org.br\/index.php?rest_route=%2Fwp%2Fv2%2Fnome_empresa&post=12279"},{"taxonomy":"convencoes","embeddable":true,"href":"https:\/\/sinttelrs.org.br\/index.php?rest_route=%2Fwp%2Fv2%2Fconvencoes&post=12279"},{"taxonomy":"acordos_coletivos","embeddable":true,"href":"https:\/\/sinttelrs.org.br\/index.php?rest_route=%2Fwp%2Fv2%2Facordos_coletivos&post=12279"}],"curies":[{"name":"wp","href":"https:\/\/api.w.org\/{rel}","templated":true}]}}