{"id":12276,"date":"2026-03-10T16:49:49","date_gmt":"2026-03-10T19:49:49","guid":{"rendered":"https:\/\/sinttelrs.org.br\/?p=12276"},"modified":"2026-03-10T16:53:43","modified_gmt":"2026-03-10T19:53:43","slug":"sinttel-rs-convoca-trabalhadores-da-planta-interna-e-rede-externa-para-assembleia-sobre-a-cct-2026-2028","status":"publish","type":"post","link":"https:\/\/sinttelrs.org.br\/?p=12276","title":{"rendered":"SINTTEL-RS CONVOCA TRABALHADORES DA PLANTA INTERNA E REDE EXTERNA PARA ASSEMBLEIA SOBRE A CCT 2026\/2028"},"content":{"rendered":"\n<p>O SINTTEL-RS est\u00e1 convocando todos os trabalhadores e trabalhadoras da Planta Interna e Rede Externa no Rio Grande do Sul, associados ou n\u00e3o ao sindicato, para participarem da Assembleia Geral Extraordin\u00e1ria (AGE), a ser realizada <strong>dia 18 de mar\u00e7o<\/strong>, de forma virtual, para tratar dos pr\u00f3ximos passos da Campanha Salarial e da Conven\u00e7\u00e3o Coletiva de Trabalho (CCT) 2026\/2028.<\/p>\n\n\n\n<p>A participa\u00e7\u00e3o da categoria \u00e9 fundamental. \u00c9 neste momento que os trabalhadores e trabalhadoras definem coletivamente a pauta de reivindica\u00e7\u00f5es, autorizam o sindicato a negociar e deliberam sobre temas importantes da negocia\u00e7\u00e3o coletiva, fortalecendo a organiza\u00e7\u00e3o da categoria diante das empresas do setor.<\/p>\n\n\n\n<p>O Edital de Convoca\u00e7\u00e3o da Assembleia foi publicado no jornal Correio do Povo do dia 10 de mar\u00e7o, garantindo ampla divulga\u00e7\u00e3o e chamando toda a categoria a participar desse importante processo democr\u00e1tico de decis\u00e3o.<\/p>\n\n\n\n<p>A assembleia ser\u00e1 realizada de forma virtual, pelo Facebook do sindicato (facebook.com\/sinttelrs), com primeira chamada \u00e0s 18h30. &nbsp;<\/p>\n\n\n\n<p>Entre os pontos da pauta est\u00e3o: autoriza\u00e7\u00e3o ao SINTTEL-RS para negociar e celebrar a Conven\u00e7\u00e3o Coletiva 2026\/2028; defini\u00e7\u00e3o e aprova\u00e7\u00e3o da pauta de reivindica\u00e7\u00f5es da categoria; delibera\u00e7\u00e3o sobre contribui\u00e7\u00e3o assistencial; e avalia\u00e7\u00e3o sobre manter a assembleia em aberto durante o processo de negocia\u00e7\u00e3o coletiva.<\/p>\n\n\n\n<p><strong>PARTICIPE E FORTALE\u00c7A A NEGOCIA\u00c7\u00c3O COLETIVA<\/strong><\/p>\n\n\n\n<p>A participa\u00e7\u00e3o dos trabalhadores e trabalhadoras \u00e9 essencial para dar for\u00e7a \u00e0 campanha salarial e \u00e0s negocia\u00e7\u00f5es com as empresas. Quanto maior a participa\u00e7\u00e3o da categoria, maior \u00e9 a legitimidade e a for\u00e7a do sindicato na defesa dos direitos.<\/p>\n\n\n\n<p>Participe da assembleia, acompanhe o debate e registre seu voto. A Conven\u00e7\u00e3o Coletiva que define direitos, sal\u00e1rios e condi\u00e7\u00f5es de trabalho depende da mobiliza\u00e7\u00e3o da categoria.<\/p>\n\n\n\n<p>O SINTTEL-RS refor\u00e7a o chamado: ningu\u00e9m decide por voc\u00ea. A sua participa\u00e7\u00e3o faz a diferen\u00e7a!<\/p>\n\n\n\n<p>Assessoria de Comunica\u00e7\u00e3o<\/p>\n\n\n\n<p>10\/03\/2026 11:05:26<\/p>\n\n\n\n<p><\/p>\n","protected":false},"excerpt":{"rendered":"<p>O SINTTEL-RS est\u00e1 convocando todos os trabalhadores e trabalhadoras da Planta Interna e Rede Externa no Rio Grande do Sul, associados ou n\u00e3o ao sindicato, para participarem da Assembleia Geral Extraordin\u00e1ria (AGE), a ser realizada dia 18 de mar\u00e7o, de forma virtual, para tratar dos pr\u00f3ximos passos da Campanha Salarial e da Conven\u00e7\u00e3o Coletiva de &hellip; <\/p>\n<p class=\"link-more\"><a href=\"https:\/\/sinttelrs.org.br\/?p=12276\" class=\"more-link\">Continue lendo<span class=\"screen-reader-text\"> &#8220;SINTTEL-RS CONVOCA TRABALHADORES DA PLANTA INTERNA E REDE EXTERNA PARA ASSEMBLEIA SOBRE A CCT 2026\/2028&#8221;<\/span><\/a><\/p>\n","protected":false},"author":2,"featured_media":12277,"comment_status":"closed","ping_status":"closed","sticky":false,"template":"","format":"standard","meta":{"footnotes":""},"categories":[8],"tags":[],"data-base":[],"seguimento-empresa":[],"nome_empresa":[],"convencoes":[],"acordos_coletivos":[],"class_list":["post-12276","post","type-post","status-publish","format-standard","has-post-thumbnail","hentry","category-destaques"],"_links":{"self":[{"href":"https:\/\/sinttelrs.org.br\/index.php?rest_route=\/wp\/v2\/posts\/12276","targetHints":{"allow":["GET"]}}],"collection":[{"href":"https:\/\/sinttelrs.org.br\/index.php?rest_route=\/wp\/v2\/posts"}],"about":[{"href":"https:\/\/sinttelrs.org.br\/index.php?rest_route=\/wp\/v2\/types\/post"}],"author":[{"embeddable":true,"href":"https:\/\/sinttelrs.org.br\/index.php?rest_route=\/wp\/v2\/users\/2"}],"replies":[{"embeddable":true,"href":"https:\/\/sinttelrs.org.br\/index.php?rest_route=%2Fwp%2Fv2%2Fcomments&post=12276"}],"version-history":[{"count":1,"href":"https:\/\/sinttelrs.org.br\/index.php?rest_route=\/wp\/v2\/posts\/12276\/revisions"}],"predecessor-version":[{"id":12278,"href":"https:\/\/sinttelrs.org.br\/index.php?rest_route=\/wp\/v2\/posts\/12276\/revisions\/12278"}],"wp:featuredmedia":[{"embeddable":true,"href":"https:\/\/sinttelrs.org.br\/index.php?rest_route=\/wp\/v2\/media\/12277"}],"wp:attachment":[{"href":"https:\/\/sinttelrs.org.br\/index.php?rest_route=%2Fwp%2Fv2%2Fmedia&parent=12276"}],"wp:term":[{"taxonomy":"category","embeddable":true,"href":"https:\/\/sinttelrs.org.br\/index.php?rest_route=%2Fwp%2Fv2%2Fcategories&post=12276"},{"taxonomy":"post_tag","embeddable":true,"href":"https:\/\/sinttelrs.org.br\/index.php?rest_route=%2Fwp%2Fv2%2Ftags&post=12276"},{"taxonomy":"data-base","embeddable":true,"href":"https:\/\/sinttelrs.org.br\/index.php?rest_route=%2Fwp%2Fv2%2Fdata-base&post=12276"},{"taxonomy":"seguimento-empresa","embeddable":true,"href":"https:\/\/sinttelrs.org.br\/index.php?rest_route=%2Fwp%2Fv2%2Fseguimento-empresa&post=12276"},{"taxonomy":"nome_empresa","embeddable":true,"href":"https:\/\/sinttelrs.org.br\/index.php?rest_route=%2Fwp%2Fv2%2Fnome_empresa&post=12276"},{"taxonomy":"convencoes","embeddable":true,"href":"https:\/\/sinttelrs.org.br\/index.php?rest_route=%2Fwp%2Fv2%2Fconvencoes&post=12276"},{"taxonomy":"acordos_coletivos","embeddable":true,"href":"https:\/\/sinttelrs.org.br\/index.php?rest_route=%2Fwp%2Fv2%2Facordos_coletivos&post=12276"}],"curies":[{"name":"wp","href":"https:\/\/api.w.org\/{rel}","templated":true}]}}