{"id":12267,"date":"2026-03-09T20:52:19","date_gmt":"2026-03-09T23:52:19","guid":{"rendered":"https:\/\/sinttelrs.org.br\/?p=12267"},"modified":"2026-03-09T20:52:20","modified_gmt":"2026-03-09T23:52:20","slug":"sinttel-rs-participa-de-nova-mediacao-no-trt-4-sobre-situacao-dos-trabalhadores-da-oi-serede","status":"publish","type":"post","link":"https:\/\/sinttelrs.org.br\/?p=12267","title":{"rendered":"SINTTEL-RS participa de nova media\u00e7\u00e3o no TRT-4 sobre situa\u00e7\u00e3o dos trabalhadores da Oi\/Serede"},"content":{"rendered":"\n<p>O SINTTEL-RS participou no dia 5\/3, de mais uma audi\u00eancia de media\u00e7\u00e3o no Tribunal Regional do Trabalho da 4\u00aa Regi\u00e3o (TRT-4) para tratar da grave situa\u00e7\u00e3o enfrentada pelos trabalhadores da Serede, empresa ligada ao grupo Oi, que seguem sem receber suas verbas rescis\u00f3rias e enfrentando incertezas em rela\u00e7\u00e3o a direitos b\u00e1sicos.<\/p>\n\n\n\n<p>A sess\u00e3o ocorreu na sala de conviv\u00eancia do TRT-4 e foi conduzida pela desembargadora Ana Luiza Heineck Kruse, com participa\u00e7\u00e3o do Minist\u00e9rio P\u00fablico do Trabalho, representantes da empresa, administradores judiciais e dirigentes do sindicato.<\/p>\n\n\n\n<p>A realiza\u00e7\u00e3o desta nova tentativa de media\u00e7\u00e3o foi uma iniciativa do SINTTEL-RS, diante da aus\u00eancia da ju\u00edza da 7\u00aa Vara Empresarial do Rio de Janeiro, respons\u00e1vel pela recupera\u00e7\u00e3o judicial da Oi, na audi\u00eancia anterior realizada em dezembro.<\/p>\n\n\n\n<p>Embora tenha confirmado presen\u00e7a para a audi\u00eancia desta semana, a magistrada novamente n\u00e3o compareceu, alegando impossibilidade devido ao leil\u00e3o das a\u00e7\u00f5es da Oi na empresa V.tal ocorrido na mesma data.<\/p>\n\n\n\n<p>Durante a audi\u00eancia, a desembargadora que presidiu a sess\u00e3o fez um forte desabafo em defesa dos trabalhadores, destacando a gravidade da situa\u00e7\u00e3o daqueles que, mesmo ap\u00f3s a rescis\u00e3o de seus contratos, ainda n\u00e3o receberam as verbas rescis\u00f3rias.<\/p>\n\n\n\n<p>O sindicato reiterou que a situa\u00e7\u00e3o \u00e9 inadmiss\u00edvel e voltou a cobrar solu\u00e7\u00f5es imediatas. De acordo com registros da pr\u00f3pria audi\u00eancia, j\u00e1 foram entregues documentos rescis\u00f3rios e encaminhadas informa\u00e7\u00f5es para libera\u00e7\u00e3o do FGTS, mas n\u00e3o houve pagamento das verbas rescis\u00f3rias nem de saldo salarial.<\/p>\n\n\n\n<p>Outro ponto levantado pelo SINTTEL-RS foi a continuidade do plano de sa\u00fade, especialmente para trabalhadores que est\u00e3o em tratamento m\u00e9dico ou enfrentando doen\u00e7as graves. O sindicato exigiu que esses trabalhadores n\u00e3o fiquem desassistidos em um momento de extrema vulnerabilidade.<\/p>\n\n\n\n<p>Representantes da administra\u00e7\u00e3o judicial da Serede informaram que ainda buscariam esclarecimentos sobre decis\u00e3o judicial que determina a manuten\u00e7\u00e3o do plano de sa\u00fade.<\/p>\n\n\n\n<p><strong>RECURSOS EXISTEM E PODEM SER UTILIZADOS<\/strong><\/p>\n\n\n\n<p>Durante a audi\u00eancia, o SINTTEL-RS tamb\u00e9m contestou a alega\u00e7\u00e3o de falta de recursos. O sindicato apontou que existem mais de R$ 120 milh\u00f5es em dep\u00f3sitos judiciais, valores que poderiam ser utilizados para garantir o pagamento das rescis\u00f5es dos trabalhadores.<\/p>\n\n\n\n<p>Inicialmente, os administradores judiciais negaram a exist\u00eancia desses valores, mas posteriormente reconheceram a exist\u00eancia dos recursos.<\/p>\n\n\n\n<p>Outro ponto levantado pelo sindicato foi o patrim\u00f4nio ligado ao grupo Oi, incluindo a\u00e7\u00f5es bilion\u00e1rias na empresa V.tal, que poderiam ser utilizadas para garantir o pagamento das d\u00edvidas trabalhistas. No total, s\u00e3o cerca de 600 trabalhadores que dependem destas decis\u00f5es para terem seus direitos garantidos.<\/p>\n\n\n\n<p><strong>PR\u00d3XIMOS PASSOS<\/strong><\/p>\n\n\n\n<p>Diante da aus\u00eancia da ju\u00edza respons\u00e1vel pela recupera\u00e7\u00e3o judicial, ficou encaminhado que o TRT-4 far\u00e1 nova tentativa de articula\u00e7\u00e3o institucional para que a magistrada participe da pr\u00f3xima audi\u00eancia de media\u00e7\u00e3o.<\/p>\n\n\n\n<p>O SINTTEL-RS reafirma que continuar\u00e1 atuando em todas as frentes \u2014 judicial, pol\u00edtica e sindical \u2014 para garantir que os direitos dos trabalhadores sejam respeitados. Para isso, o Sindicato seguir\u00e1 acompanhando cada etapa do processo, pressionando as empresas e o Judici\u00e1rio para que os trabalhadores recebam suas verbas, tenham garantida a assist\u00eancia \u00e0 sa\u00fade e n\u00e3o sejam deixados \u00e0 pr\u00f3pria sorte.<\/p>\n\n\n\n<p><strong>Seguimos na luta.<\/strong><\/p>\n\n\n\n<p>Assessoria de Comunica\u00e7\u00e3o<\/p>\n\n\n\n<p>09\/03\/2026 13:11:19<\/p>\n\n\n\n<p><\/p>\n","protected":false},"excerpt":{"rendered":"<p>O SINTTEL-RS participou no dia 5\/3, de mais uma audi\u00eancia de media\u00e7\u00e3o no Tribunal Regional do Trabalho da 4\u00aa Regi\u00e3o (TRT-4) para tratar da grave situa\u00e7\u00e3o enfrentada pelos trabalhadores da Serede, empresa ligada ao grupo Oi, que seguem sem receber suas verbas rescis\u00f3rias e enfrentando incertezas em rela\u00e7\u00e3o a direitos b\u00e1sicos. A sess\u00e3o ocorreu na &hellip; <\/p>\n<p class=\"link-more\"><a href=\"https:\/\/sinttelrs.org.br\/?p=12267\" class=\"more-link\">Continue lendo<span class=\"screen-reader-text\"> &#8220;SINTTEL-RS participa de nova media\u00e7\u00e3o no TRT-4 sobre situa\u00e7\u00e3o dos trabalhadores da Oi\/Serede&#8221;<\/span><\/a><\/p>\n","protected":false},"author":2,"featured_media":12268,"comment_status":"closed","ping_status":"closed","sticky":false,"template":"","format":"standard","meta":{"footnotes":""},"categories":[8],"tags":[],"data-base":[],"seguimento-empresa":[],"nome_empresa":[],"convencoes":[],"acordos_coletivos":[],"class_list":["post-12267","post","type-post","status-publish","format-standard","has-post-thumbnail","hentry","category-destaques"],"_links":{"self":[{"href":"https:\/\/sinttelrs.org.br\/index.php?rest_route=\/wp\/v2\/posts\/12267","targetHints":{"allow":["GET"]}}],"collection":[{"href":"https:\/\/sinttelrs.org.br\/index.php?rest_route=\/wp\/v2\/posts"}],"about":[{"href":"https:\/\/sinttelrs.org.br\/index.php?rest_route=\/wp\/v2\/types\/post"}],"author":[{"embeddable":true,"href":"https:\/\/sinttelrs.org.br\/index.php?rest_route=\/wp\/v2\/users\/2"}],"replies":[{"embeddable":true,"href":"https:\/\/sinttelrs.org.br\/index.php?rest_route=%2Fwp%2Fv2%2Fcomments&post=12267"}],"version-history":[{"count":1,"href":"https:\/\/sinttelrs.org.br\/index.php?rest_route=\/wp\/v2\/posts\/12267\/revisions"}],"predecessor-version":[{"id":12269,"href":"https:\/\/sinttelrs.org.br\/index.php?rest_route=\/wp\/v2\/posts\/12267\/revisions\/12269"}],"wp:featuredmedia":[{"embeddable":true,"href":"https:\/\/sinttelrs.org.br\/index.php?rest_route=\/wp\/v2\/media\/12268"}],"wp:attachment":[{"href":"https:\/\/sinttelrs.org.br\/index.php?rest_route=%2Fwp%2Fv2%2Fmedia&parent=12267"}],"wp:term":[{"taxonomy":"category","embeddable":true,"href":"https:\/\/sinttelrs.org.br\/index.php?rest_route=%2Fwp%2Fv2%2Fcategories&post=12267"},{"taxonomy":"post_tag","embeddable":true,"href":"https:\/\/sinttelrs.org.br\/index.php?rest_route=%2Fwp%2Fv2%2Ftags&post=12267"},{"taxonomy":"data-base","embeddable":true,"href":"https:\/\/sinttelrs.org.br\/index.php?rest_route=%2Fwp%2Fv2%2Fdata-base&post=12267"},{"taxonomy":"seguimento-empresa","embeddable":true,"href":"https:\/\/sinttelrs.org.br\/index.php?rest_route=%2Fwp%2Fv2%2Fseguimento-empresa&post=12267"},{"taxonomy":"nome_empresa","embeddable":true,"href":"https:\/\/sinttelrs.org.br\/index.php?rest_route=%2Fwp%2Fv2%2Fnome_empresa&post=12267"},{"taxonomy":"convencoes","embeddable":true,"href":"https:\/\/sinttelrs.org.br\/index.php?rest_route=%2Fwp%2Fv2%2Fconvencoes&post=12267"},{"taxonomy":"acordos_coletivos","embeddable":true,"href":"https:\/\/sinttelrs.org.br\/index.php?rest_route=%2Fwp%2Fv2%2Facordos_coletivos&post=12267"}],"curies":[{"name":"wp","href":"https:\/\/api.w.org\/{rel}","templated":true}]}}