{"id":12264,"date":"2026-03-07T20:04:53","date_gmt":"2026-03-07T23:04:53","guid":{"rendered":"https:\/\/sinttelrs.org.br\/?p=12264"},"modified":"2026-03-07T20:04:54","modified_gmt":"2026-03-07T23:04:54","slug":"8m-dia-internacional-da-mulher","status":"publish","type":"post","link":"https:\/\/sinttelrs.org.br\/?p=12264","title":{"rendered":"8M &#8211; DIA INTERNACIONAL DA MULHER!"},"content":{"rendered":"\n<p>Neste<strong>&nbsp;8 de mar\u00e7o, Dia Internacional da Mulher,&nbsp;<\/strong>o sindicato presta sua homenagem e&nbsp;reconhecimento a todas as mulheres que&nbsp;<strong>constroem diariamente o setor de telecomunica\u00e7\u00f5es<\/strong>&nbsp;e tamb\u00e9m a<strong>&nbsp;nossa pr\u00f3pria entidade.<\/strong><\/p>\n\n\n\n<p>S\u00e3o mulheres que atendem<strong>&nbsp;nas lojas,<\/strong>&nbsp;que organizam e sustentam o trabalho&nbsp;<strong>administrativo,<\/strong>&nbsp;que enfrentam a press\u00e3o das&nbsp;<strong>centrais de atendimento,&nbsp;<\/strong>que&nbsp;<strong>v\u00e3o a campo, vender,&nbsp; instalar e manter redes<\/strong>, que garantem que a comunica\u00e7\u00e3o chegue a milh\u00f5es de pessoas todos os dias.<\/p>\n\n\n\n<p>Tamb\u00e9m s\u00e3o as mulheres<strong>&nbsp;que fazem o nosso sindicato existir:<\/strong>&nbsp;<strong>dirigentes, funcion\u00e1rias, aposentadas&nbsp; e militantes&nbsp;<\/strong>que dedicam seu trabalho \u00e0 defesa coletiva da categoria.<\/p>\n\n\n\n<p>Cada uma&nbsp;<strong>dessas trabalhadoras<\/strong>&nbsp;carrega<strong>&nbsp;hist\u00f3rias de esfor\u00e7o, compet\u00eancia<\/strong>&nbsp;e&nbsp;<strong>resist\u00eancia<\/strong>. Em um setor queexige produtividade intensa e constantes transforma\u00e7\u00f5es tecnol\u00f3gicas,&nbsp;<strong>as mulheres seguem lutando por respeito, igualdade de oportunidades, condi\u00e7\u00f5es dignas de trabalho e pelo fim de todas as formas de discrimina\u00e7\u00e3o e viol\u00eancia.<\/strong><\/p>\n\n\n\n<p>Neste 8 de mar\u00e7o reafirmamos:<strong>&nbsp;valorizar o trabalho das mulheres&nbsp;<\/strong>\u00e9<strong>&nbsp;fortalecer toda a categoria!<\/strong><\/p>\n\n\n\n<p>O sindicato segue ao lado de cada trabalhadora na luta por direitos, reconhecimento e justi\u00e7a.<\/p>\n\n\n\n<p>8 de mar\u00e7o \u2013 Dia Internacional da Mulher. Respeito, igualdade e direitos para todas.<\/p>\n","protected":false},"excerpt":{"rendered":"<p>Neste&nbsp;8 de mar\u00e7o, Dia Internacional da Mulher,&nbsp;o sindicato presta sua homenagem e&nbsp;reconhecimento a todas as mulheres que&nbsp;constroem diariamente o setor de telecomunica\u00e7\u00f5es&nbsp;e tamb\u00e9m a&nbsp;nossa pr\u00f3pria entidade. S\u00e3o mulheres que atendem&nbsp;nas lojas,&nbsp;que organizam e sustentam o trabalho&nbsp;administrativo,&nbsp;que enfrentam a press\u00e3o das&nbsp;centrais de atendimento,&nbsp;que&nbsp;v\u00e3o a campo, vender,&nbsp; instalar e manter redes, que garantem que a comunica\u00e7\u00e3o chegue &hellip; <\/p>\n<p class=\"link-more\"><a href=\"https:\/\/sinttelrs.org.br\/?p=12264\" class=\"more-link\">Continue lendo<span class=\"screen-reader-text\"> &#8220;8M &#8211; DIA INTERNACIONAL DA MULHER!&#8221;<\/span><\/a><\/p>\n","protected":false},"author":2,"featured_media":12265,"comment_status":"closed","ping_status":"closed","sticky":false,"template":"","format":"standard","meta":{"footnotes":""},"categories":[8],"tags":[],"data-base":[],"seguimento-empresa":[],"nome_empresa":[],"convencoes":[],"acordos_coletivos":[],"class_list":["post-12264","post","type-post","status-publish","format-standard","has-post-thumbnail","hentry","category-destaques"],"_links":{"self":[{"href":"https:\/\/sinttelrs.org.br\/index.php?rest_route=\/wp\/v2\/posts\/12264","targetHints":{"allow":["GET"]}}],"collection":[{"href":"https:\/\/sinttelrs.org.br\/index.php?rest_route=\/wp\/v2\/posts"}],"about":[{"href":"https:\/\/sinttelrs.org.br\/index.php?rest_route=\/wp\/v2\/types\/post"}],"author":[{"embeddable":true,"href":"https:\/\/sinttelrs.org.br\/index.php?rest_route=\/wp\/v2\/users\/2"}],"replies":[{"embeddable":true,"href":"https:\/\/sinttelrs.org.br\/index.php?rest_route=%2Fwp%2Fv2%2Fcomments&post=12264"}],"version-history":[{"count":1,"href":"https:\/\/sinttelrs.org.br\/index.php?rest_route=\/wp\/v2\/posts\/12264\/revisions"}],"predecessor-version":[{"id":12266,"href":"https:\/\/sinttelrs.org.br\/index.php?rest_route=\/wp\/v2\/posts\/12264\/revisions\/12266"}],"wp:featuredmedia":[{"embeddable":true,"href":"https:\/\/sinttelrs.org.br\/index.php?rest_route=\/wp\/v2\/media\/12265"}],"wp:attachment":[{"href":"https:\/\/sinttelrs.org.br\/index.php?rest_route=%2Fwp%2Fv2%2Fmedia&parent=12264"}],"wp:term":[{"taxonomy":"category","embeddable":true,"href":"https:\/\/sinttelrs.org.br\/index.php?rest_route=%2Fwp%2Fv2%2Fcategories&post=12264"},{"taxonomy":"post_tag","embeddable":true,"href":"https:\/\/sinttelrs.org.br\/index.php?rest_route=%2Fwp%2Fv2%2Ftags&post=12264"},{"taxonomy":"data-base","embeddable":true,"href":"https:\/\/sinttelrs.org.br\/index.php?rest_route=%2Fwp%2Fv2%2Fdata-base&post=12264"},{"taxonomy":"seguimento-empresa","embeddable":true,"href":"https:\/\/sinttelrs.org.br\/index.php?rest_route=%2Fwp%2Fv2%2Fseguimento-empresa&post=12264"},{"taxonomy":"nome_empresa","embeddable":true,"href":"https:\/\/sinttelrs.org.br\/index.php?rest_route=%2Fwp%2Fv2%2Fnome_empresa&post=12264"},{"taxonomy":"convencoes","embeddable":true,"href":"https:\/\/sinttelrs.org.br\/index.php?rest_route=%2Fwp%2Fv2%2Fconvencoes&post=12264"},{"taxonomy":"acordos_coletivos","embeddable":true,"href":"https:\/\/sinttelrs.org.br\/index.php?rest_route=%2Fwp%2Fv2%2Facordos_coletivos&post=12264"}],"curies":[{"name":"wp","href":"https:\/\/api.w.org\/{rel}","templated":true}]}}