{"id":12261,"date":"2026-03-05T20:19:47","date_gmt":"2026-03-05T23:19:47","guid":{"rendered":"https:\/\/sinttelrs.org.br\/?p=12261"},"modified":"2026-03-05T20:19:47","modified_gmt":"2026-03-05T23:19:47","slug":"crise-da-oi-expoe-disputa-financeira-e-reforca-alerta-sobre-direitos-dos-trabalhadores","status":"publish","type":"post","link":"https:\/\/sinttelrs.org.br\/?p=12261","title":{"rendered":"CRISE DA OI EXP\u00d5E DISPUTA FINANCEIRA E REFOR\u00c7A ALERTA SOBRE DIREITOS DOS TRABALHADORES"},"content":{"rendered":"\n<p>A nova fase da crise da Oi, empresa hist\u00f3rica do setor de telecomunica\u00e7\u00f5es brasileiro, voltou a chamar aten\u00e7\u00e3o ap\u00f3s an\u00e1lises e questionamentos sobre a condu\u00e7\u00e3o do processo de recupera\u00e7\u00e3o judicial da companhia. O debate, que \u00e0 primeira vista poderia parecer apenas uma disputa financeira entre credores e investidores, revela um problema muito mais profundo: a prioridade dada aos interesses do mercado financeiro enquanto milhares de trabalhadores seguem vivendo sob inseguran\u00e7a quanto a sal\u00e1rios, empregos e direitos.<\/p>\n\n\n\n<p>As discuss\u00f5es envolvendo a recupera\u00e7\u00e3o judicial da Oi apontam para um cen\u00e1rio de forte disputa entre credores e grupos interessados no controle da empresa. Questionamentos levantados no processo indicam poss\u00edveis conflitos de interesse na condu\u00e7\u00e3o da reestrutura\u00e7\u00e3o financeira, envolvendo decis\u00f5es que teriam priorizado determinados grupos econ\u00f4micos.<\/p>\n\n\n\n<p>Para al\u00e9m das quest\u00f5es jur\u00eddicas e financeiras, esse cen\u00e1rio evidencia um problema recorrente em grandes processos de recupera\u00e7\u00e3o empresarial: a reorganiza\u00e7\u00e3o do capital passa a orientar as decis\u00f5es, enquanto os impactos sociais e trabalhistas ficam em segundo plano.<\/p>\n\n\n\n<p><strong>A CONTA NAS COSTAS DOS TRABALHADORES<\/strong><\/p>\n\n\n\n<p>Em situa\u00e7\u00f5es como essa, a experi\u00eancia brasileira mostra que os trabalhadores costumam ser os mais atingidos. Processos de reestrutura\u00e7\u00e3o empresarial frequentemente resultam em:<\/p>\n\n\n\n<p>demiss\u00f5es em massa; atraso ou risco de n\u00e3o pagamento de verbas trabalhistas; terceiriza\u00e7\u00f5es e precariza\u00e7\u00e3o das condi\u00e7\u00f5es de trabalho; e perda de direitos conquistados em acordos coletivos.<\/p>\n\n\n\n<p>No caso da Oi, a situa\u00e7\u00e3o se torna ainda mais grave porque envolve uma empresa que durante d\u00e9cadas foi respons\u00e1vel por milhares de empregos diretos e indiretos em todo o pa\u00eds.<\/p>\n\n\n\n<p><strong>ENVOLVIMENTO NA SEREDE<\/strong><\/p>\n\n\n\n<p>A situa\u00e7\u00e3o se agravou com os desdobramentos envolvendo a Serede, empresa ligada \u00e0s atividades operacionais do grupo e respons\u00e1vel por grande parte dos servi\u00e7os de campo nas telecomunica\u00e7\u00f5es.<\/p>\n\n\n\n<p>As decis\u00f5es judiciais que envolveram a empresa acenderam um alerta entre trabalhadores e entidades sindicais quanto ao risco de calote em direitos trabalhistas. Ao mesmo tempo, entidades representativas \u2013 entre elas o SINTTEL-RS &#8211; apontam que o grupo ainda possui ativos e patrim\u00f4nio relevantes, o que refor\u00e7a a necessidade de garantir que os direitos dos trabalhadores sejam respeitados.<\/p>\n\n\n\n<p>Diante desse cen\u00e1rio, o movimento sindical tem desempenhado papel fundamental na defesa dos trabalhadores atingidos pela crise. No Rio Grande do Sul, o SINTTEL-RS tem acompanhado de perto a situa\u00e7\u00e3o, atuando junto \u00e0s autoridades trabalhistas e pressionando para que os direitos da categoria sejam garantidos. Entre as principais pautas defendidas pelo sindicato est\u00e3o:<\/p>\n\n\n\n<ul class=\"wp-block-list\">\n<li>garantia do pagamento de sal\u00e1rios e verbas trabalhistas;<\/li>\n\n\n\n<li>manuten\u00e7\u00e3o de benef\u00edcios essenciais, como planos de sa\u00fade;<\/li>\n\n\n\n<li>transpar\u00eancia nas decis\u00f5es que envolvem o futuro das empresas;<\/li>\n\n\n\n<li>responsabiliza\u00e7\u00e3o dos grupos econ\u00f4micos envolvidos.<\/li>\n<\/ul>\n\n\n\n<p>A atua\u00e7\u00e3o sindical tem sido essencial para denunciar irregularidades, pressionar por solu\u00e7\u00f5es e evitar que os trabalhadores sejam os principais prejudicados em um processo que envolve interesses econ\u00f4micos bilion\u00e1rios.<\/p>\n\n\n\n<p>A crise da Oi tamb\u00e9m levanta uma reflex\u00e3o mais ampla sobre as privatiza\u00e7\u00f5es e o papel estrat\u00e9gico do setor de telecomunica\u00e7\u00f5es no Brasil.<\/p>\n\n\n\n<p>Para o movimento sindical, \u00e9 fundamental que processos de recupera\u00e7\u00e3o judicial n\u00e3o sirvam como instrumento para retirar direitos ou transferir preju\u00edzos aos trabalhadores. Empresas que operam em setores estrat\u00e9gicos da economia devem cumprir tamb\u00e9m sua fun\u00e7\u00e3o social, respeitando quem construiu sua hist\u00f3ria e garantiu seu funcionamento ao longo dos anos.<\/p>\n\n\n\n<p>A defesa dos trabalhadores da Oi e das empresas ligadas ao grupo \u00e9, ao mesmo tempo, a defesa de empregos, da qualidade dos servi\u00e7os e da responsabilidade social das empresas.<\/p>\n\n\n\n<p>Por isso, o movimento sindical segue mobilizado e vigilante. A crise empresarial n\u00e3o pode se transformar em crise social. Direitos trabalhistas n\u00e3o podem ser tratados como vari\u00e1vel de ajuste em disputas financeiras.<\/p>\n\n\n\n<p>Garantir justi\u00e7a, transpar\u00eancia e respeito aos trabalhadores \u00e9 condi\u00e7\u00e3o fundamental para qualquer solu\u00e7\u00e3o real e sustent\u00e1vel para o setor de telecomunica\u00e7\u00f5es no pa\u00eds.<\/p>\n\n\n\n<p>E, para al\u00e9m destas quest\u00f5es, a Oi deve servir de exemplo para o resultado das privatiza\u00e7\u00f5es feitas no pa\u00eds em empresas de setores estrat\u00e9gicos, como telecomunica\u00e7\u00f5es e energia. O que, diga-se de passagem, n\u00e3o foi por falta de alerta dos sindicatos e dos trabalhadores.<\/p>\n\n\n\n<p>Assessoria de Comunica\u00e7\u00e3o<\/p>\n\n\n\n<p>05\/03\/2026 16:46:56<\/p>\n\n\n\n<p><\/p>\n","protected":false},"excerpt":{"rendered":"<p>A nova fase da crise da Oi, empresa hist\u00f3rica do setor de telecomunica\u00e7\u00f5es brasileiro, voltou a chamar aten\u00e7\u00e3o ap\u00f3s an\u00e1lises e questionamentos sobre a condu\u00e7\u00e3o do processo de recupera\u00e7\u00e3o judicial da companhia. O debate, que \u00e0 primeira vista poderia parecer apenas uma disputa financeira entre credores e investidores, revela um problema muito mais profundo: a &hellip; <\/p>\n<p class=\"link-more\"><a href=\"https:\/\/sinttelrs.org.br\/?p=12261\" class=\"more-link\">Continue lendo<span class=\"screen-reader-text\"> &#8220;CRISE DA OI EXP\u00d5E DISPUTA FINANCEIRA E REFOR\u00c7A ALERTA SOBRE DIREITOS DOS TRABALHADORES&#8221;<\/span><\/a><\/p>\n","protected":false},"author":2,"featured_media":12262,"comment_status":"closed","ping_status":"closed","sticky":false,"template":"","format":"standard","meta":{"footnotes":""},"categories":[8],"tags":[],"data-base":[],"seguimento-empresa":[],"nome_empresa":[],"convencoes":[],"acordos_coletivos":[],"class_list":["post-12261","post","type-post","status-publish","format-standard","has-post-thumbnail","hentry","category-destaques"],"_links":{"self":[{"href":"https:\/\/sinttelrs.org.br\/index.php?rest_route=\/wp\/v2\/posts\/12261","targetHints":{"allow":["GET"]}}],"collection":[{"href":"https:\/\/sinttelrs.org.br\/index.php?rest_route=\/wp\/v2\/posts"}],"about":[{"href":"https:\/\/sinttelrs.org.br\/index.php?rest_route=\/wp\/v2\/types\/post"}],"author":[{"embeddable":true,"href":"https:\/\/sinttelrs.org.br\/index.php?rest_route=\/wp\/v2\/users\/2"}],"replies":[{"embeddable":true,"href":"https:\/\/sinttelrs.org.br\/index.php?rest_route=%2Fwp%2Fv2%2Fcomments&post=12261"}],"version-history":[{"count":1,"href":"https:\/\/sinttelrs.org.br\/index.php?rest_route=\/wp\/v2\/posts\/12261\/revisions"}],"predecessor-version":[{"id":12263,"href":"https:\/\/sinttelrs.org.br\/index.php?rest_route=\/wp\/v2\/posts\/12261\/revisions\/12263"}],"wp:featuredmedia":[{"embeddable":true,"href":"https:\/\/sinttelrs.org.br\/index.php?rest_route=\/wp\/v2\/media\/12262"}],"wp:attachment":[{"href":"https:\/\/sinttelrs.org.br\/index.php?rest_route=%2Fwp%2Fv2%2Fmedia&parent=12261"}],"wp:term":[{"taxonomy":"category","embeddable":true,"href":"https:\/\/sinttelrs.org.br\/index.php?rest_route=%2Fwp%2Fv2%2Fcategories&post=12261"},{"taxonomy":"post_tag","embeddable":true,"href":"https:\/\/sinttelrs.org.br\/index.php?rest_route=%2Fwp%2Fv2%2Ftags&post=12261"},{"taxonomy":"data-base","embeddable":true,"href":"https:\/\/sinttelrs.org.br\/index.php?rest_route=%2Fwp%2Fv2%2Fdata-base&post=12261"},{"taxonomy":"seguimento-empresa","embeddable":true,"href":"https:\/\/sinttelrs.org.br\/index.php?rest_route=%2Fwp%2Fv2%2Fseguimento-empresa&post=12261"},{"taxonomy":"nome_empresa","embeddable":true,"href":"https:\/\/sinttelrs.org.br\/index.php?rest_route=%2Fwp%2Fv2%2Fnome_empresa&post=12261"},{"taxonomy":"convencoes","embeddable":true,"href":"https:\/\/sinttelrs.org.br\/index.php?rest_route=%2Fwp%2Fv2%2Fconvencoes&post=12261"},{"taxonomy":"acordos_coletivos","embeddable":true,"href":"https:\/\/sinttelrs.org.br\/index.php?rest_route=%2Fwp%2Fv2%2Facordos_coletivos&post=12261"}],"curies":[{"name":"wp","href":"https:\/\/api.w.org\/{rel}","templated":true}]}}