{"id":12205,"date":"2026-02-19T11:51:25","date_gmt":"2026-02-19T14:51:25","guid":{"rendered":"https:\/\/sinttelrs.org.br\/?p=12205"},"modified":"2026-02-19T12:23:38","modified_gmt":"2026-02-19T15:23:38","slug":"sinttel-rs-intensifica-presenca-nas-bases-do-litoral-norte-e-amplia-sindicalizacao","status":"publish","type":"post","link":"https:\/\/sinttelrs.org.br\/?p=12205","title":{"rendered":"Litoral Norte: SINTTEL-RS visita bases e dialoga com os trabalhadores\/as"},"content":{"rendered":"\n<p>O SINTTEL-RS segue fortalecendo o trabalho de base e o di\u00e1logo direto com a categoria. H\u00e1 semanas, dirigentes do Sindicato est\u00e3o percorrendo empresas no Litoral Norte do Rio Grande do Sul, conversando com trabalhadores e trabalhadoras, ouvindo demandas, esclarecendo d\u00favidas e refor\u00e7ando a import\u00e2ncia da organiza\u00e7\u00e3o coletiva.<\/p>\n\n\n\n<p>Entre os dias 09\/02 e 13\/02\/2026, os dirigente Marcone e Rudinei Barreiros visitaram as bases das empresas LHM\/RMS, Vero, Adylnet e Viu, onde conversaram com os trabalhadores das respectivas empresas. Na oportunidade, foi apresentado aos trabalhadores o dirigente sindical liberado, Rudinei Barreiro de Barros, que passar\u00e1 a atuar na delegacia do Litoral Norte, fortalecendo a atua\u00e7\u00e3o do sindicato na regi\u00e3o.<\/p>\n\n\n\n<p>Tamb\u00e9m refor\u00e7amos a import\u00e2ncia da filia\u00e7\u00e3o ao sindicato como instrumento fundamental para fortalecer a luta e a defesa dos direitos da categoria. Como resultado da a\u00e7\u00e3o, conquistamos novas filia\u00e7\u00f5es na empresa Vero, em Arroio do Sal.<\/p>\n\n\n\n<p>A presen\u00e7a nas bases \u00e9 parte da estrat\u00e9gia permanente do Sindicato de estar pr\u00f3ximo da realidade vivida pela categoria. Durante as visitas, al\u00e9m da distribui\u00e7\u00e3o de materiais informativos sobre direitos, acordos coletivos e atua\u00e7\u00e3o sindical, a dire\u00e7\u00e3o tamb\u00e9m apresentou os servi\u00e7os oferecidos pelo SINTTEL-RS e esclareceu d\u00favidas sobre negocia\u00e7\u00f5es e benef\u00edcios da sindicaliza\u00e7\u00e3o.<\/p>\n\n\n\n<p>O resultado tem sido muito positivo. Diversos trabalhadores aproveitam o momento para se sindicalizar, fortalecendo ainda mais a representatividade da entidade. A amplia\u00e7\u00e3o da sindicaliza\u00e7\u00e3o \u00e9 fundamental para garantir mais for\u00e7a nas negocia\u00e7\u00f5es e maior capacidade de enfrentamento diante dos desafios do setor de telecomunica\u00e7\u00f5es.<\/p>\n\n\n\n<p>Para o SINTTEL-RS, sindicato forte se constr\u00f3i com presen\u00e7a, di\u00e1logo e participa\u00e7\u00e3o. Estar nas bases \u00e9 reafirmar o compromisso com cada trabalhador e trabalhadora, valorizando a escuta e construindo coletivamente as lutas por melhores condi\u00e7\u00f5es de trabalho, sal\u00e1rios justos e respeito aos direitos.<\/p>\n\n\n\n<p>Seguimos firmes nas bases, fortalecendo a organiza\u00e7\u00e3o e mostrando que, juntos, somos mais fortes.<\/p>\n\n\n\n<p>Assessoria de Comunica\u00e7\u00e3o<\/p>\n\n\n\n<p>18\/02\/2026 22:52:30<\/p>\n\n\n\n<figure class=\"wp-block-gallery has-nested-images columns-default is-cropped wp-block-gallery-1 is-layout-flex wp-block-gallery-is-layout-flex\">\n<figure class=\"wp-block-image size-large\"><img fetchpriority=\"high\" decoding=\"async\" width=\"1024\" height=\"576\" data-id=\"12213\" src=\"https:\/\/sinttelrs.org.br\/wp-content\/uploads\/2026\/02\/WhatsApp-Image-2026-02-09-at-10.47.33-1024x576.jpeg\" alt=\"\" class=\"wp-image-12213\" srcset=\"https:\/\/sinttelrs.org.br\/wp-content\/uploads\/2026\/02\/WhatsApp-Image-2026-02-09-at-10.47.33-1024x576.jpeg 1024w, https:\/\/sinttelrs.org.br\/wp-content\/uploads\/2026\/02\/WhatsApp-Image-2026-02-09-at-10.47.33-300x169.jpeg 300w, https:\/\/sinttelrs.org.br\/wp-content\/uploads\/2026\/02\/WhatsApp-Image-2026-02-09-at-10.47.33-768x432.jpeg 768w, https:\/\/sinttelrs.org.br\/wp-content\/uploads\/2026\/02\/WhatsApp-Image-2026-02-09-at-10.47.33-1536x864.jpeg 1536w, https:\/\/sinttelrs.org.br\/wp-content\/uploads\/2026\/02\/WhatsApp-Image-2026-02-09-at-10.47.33.jpeg 1600w\" sizes=\"(max-width: 767px) 89vw, (max-width: 1000px) 54vw, (max-width: 1071px) 543px, 580px\" \/><\/figure>\n\n\n\n<figure class=\"wp-block-image size-large\"><img decoding=\"async\" width=\"1024\" height=\"576\" data-id=\"12216\" src=\"https:\/\/sinttelrs.org.br\/wp-content\/uploads\/2026\/02\/WhatsApp-Image-2026-02-09-at-11.07.40-1024x576.jpeg\" alt=\"\" class=\"wp-image-12216\" srcset=\"https:\/\/sinttelrs.org.br\/wp-content\/uploads\/2026\/02\/WhatsApp-Image-2026-02-09-at-11.07.40-1024x576.jpeg 1024w, https:\/\/sinttelrs.org.br\/wp-content\/uploads\/2026\/02\/WhatsApp-Image-2026-02-09-at-11.07.40-300x169.jpeg 300w, https:\/\/sinttelrs.org.br\/wp-content\/uploads\/2026\/02\/WhatsApp-Image-2026-02-09-at-11.07.40-768x432.jpeg 768w, https:\/\/sinttelrs.org.br\/wp-content\/uploads\/2026\/02\/WhatsApp-Image-2026-02-09-at-11.07.40-1536x864.jpeg 1536w, https:\/\/sinttelrs.org.br\/wp-content\/uploads\/2026\/02\/WhatsApp-Image-2026-02-09-at-11.07.40.jpeg 1600w\" sizes=\"(max-width: 767px) 89vw, (max-width: 1000px) 54vw, (max-width: 1071px) 543px, 580px\" \/><\/figure>\n\n\n\n<figure class=\"wp-block-image size-large\"><img decoding=\"async\" width=\"768\" height=\"1024\" data-id=\"12211\" src=\"https:\/\/sinttelrs.org.br\/wp-content\/uploads\/2026\/02\/WhatsApp-Image-2026-02-10-at-07.35.32-768x1024.jpeg\" alt=\"\" class=\"wp-image-12211\" srcset=\"https:\/\/sinttelrs.org.br\/wp-content\/uploads\/2026\/02\/WhatsApp-Image-2026-02-10-at-07.35.32-768x1024.jpeg 768w, https:\/\/sinttelrs.org.br\/wp-content\/uploads\/2026\/02\/WhatsApp-Image-2026-02-10-at-07.35.32-225x300.jpeg 225w, https:\/\/sinttelrs.org.br\/wp-content\/uploads\/2026\/02\/WhatsApp-Image-2026-02-10-at-07.35.32-1152x1536.jpeg 1152w, https:\/\/sinttelrs.org.br\/wp-content\/uploads\/2026\/02\/WhatsApp-Image-2026-02-10-at-07.35.32.jpeg 1200w\" sizes=\"(max-width: 767px) 89vw, (max-width: 1000px) 54vw, (max-width: 1071px) 543px, 580px\" \/><\/figure>\n\n\n\n<figure class=\"wp-block-image size-large\"><img loading=\"lazy\" decoding=\"async\" width=\"1024\" height=\"576\" data-id=\"12218\" src=\"https:\/\/sinttelrs.org.br\/wp-content\/uploads\/2026\/02\/WhatsApp-Image-2026-02-10-at-10.27.01-1024x576.jpeg\" alt=\"\" class=\"wp-image-12218\" srcset=\"https:\/\/sinttelrs.org.br\/wp-content\/uploads\/2026\/02\/WhatsApp-Image-2026-02-10-at-10.27.01-1024x576.jpeg 1024w, https:\/\/sinttelrs.org.br\/wp-content\/uploads\/2026\/02\/WhatsApp-Image-2026-02-10-at-10.27.01-300x169.jpeg 300w, https:\/\/sinttelrs.org.br\/wp-content\/uploads\/2026\/02\/WhatsApp-Image-2026-02-10-at-10.27.01-768x432.jpeg 768w, https:\/\/sinttelrs.org.br\/wp-content\/uploads\/2026\/02\/WhatsApp-Image-2026-02-10-at-10.27.01-1536x864.jpeg 1536w, https:\/\/sinttelrs.org.br\/wp-content\/uploads\/2026\/02\/WhatsApp-Image-2026-02-10-at-10.27.01.jpeg 1600w\" sizes=\"(max-width: 767px) 89vw, (max-width: 1000px) 54vw, (max-width: 1071px) 543px, 580px\" \/><\/figure>\n\n\n\n<figure class=\"wp-block-image size-large\"><img loading=\"lazy\" decoding=\"async\" width=\"1024\" height=\"768\" data-id=\"12212\" src=\"https:\/\/sinttelrs.org.br\/wp-content\/uploads\/2026\/02\/WhatsApp-Image-2026-02-12-at-07.52.50-1024x768.jpeg\" alt=\"\" class=\"wp-image-12212\" srcset=\"https:\/\/sinttelrs.org.br\/wp-content\/uploads\/2026\/02\/WhatsApp-Image-2026-02-12-at-07.52.50-1024x768.jpeg 1024w, https:\/\/sinttelrs.org.br\/wp-content\/uploads\/2026\/02\/WhatsApp-Image-2026-02-12-at-07.52.50-300x225.jpeg 300w, https:\/\/sinttelrs.org.br\/wp-content\/uploads\/2026\/02\/WhatsApp-Image-2026-02-12-at-07.52.50-768x576.jpeg 768w, https:\/\/sinttelrs.org.br\/wp-content\/uploads\/2026\/02\/WhatsApp-Image-2026-02-12-at-07.52.50.jpeg 1040w\" sizes=\"(max-width: 767px) 89vw, (max-width: 1000px) 54vw, (max-width: 1071px) 543px, 580px\" \/><\/figure>\n\n\n\n<figure class=\"wp-block-image size-large\"><img loading=\"lazy\" decoding=\"async\" width=\"1024\" height=\"576\" data-id=\"12217\" src=\"https:\/\/sinttelrs.org.br\/wp-content\/uploads\/2026\/02\/WhatsApp-Image-2026-02-13-at-08.10.17-1024x576.jpeg\" alt=\"\" class=\"wp-image-12217\" srcset=\"https:\/\/sinttelrs.org.br\/wp-content\/uploads\/2026\/02\/WhatsApp-Image-2026-02-13-at-08.10.17-1024x576.jpeg 1024w, https:\/\/sinttelrs.org.br\/wp-content\/uploads\/2026\/02\/WhatsApp-Image-2026-02-13-at-08.10.17-300x169.jpeg 300w, https:\/\/sinttelrs.org.br\/wp-content\/uploads\/2026\/02\/WhatsApp-Image-2026-02-13-at-08.10.17-768x432.jpeg 768w, https:\/\/sinttelrs.org.br\/wp-content\/uploads\/2026\/02\/WhatsApp-Image-2026-02-13-at-08.10.17-1536x864.jpeg 1536w, https:\/\/sinttelrs.org.br\/wp-content\/uploads\/2026\/02\/WhatsApp-Image-2026-02-13-at-08.10.17.jpeg 1600w\" sizes=\"(max-width: 767px) 89vw, (max-width: 1000px) 54vw, (max-width: 1071px) 543px, 580px\" \/><\/figure>\n\n\n\n<figure class=\"wp-block-image size-large\"><img loading=\"lazy\" decoding=\"async\" width=\"1024\" height=\"576\" data-id=\"12214\" src=\"https:\/\/sinttelrs.org.br\/wp-content\/uploads\/2026\/02\/WhatsApp-Image-2026-02-13-at-08.53.42-1024x576.jpeg\" alt=\"\" class=\"wp-image-12214\" srcset=\"https:\/\/sinttelrs.org.br\/wp-content\/uploads\/2026\/02\/WhatsApp-Image-2026-02-13-at-08.53.42-1024x576.jpeg 1024w, https:\/\/sinttelrs.org.br\/wp-content\/uploads\/2026\/02\/WhatsApp-Image-2026-02-13-at-08.53.42-300x169.jpeg 300w, https:\/\/sinttelrs.org.br\/wp-content\/uploads\/2026\/02\/WhatsApp-Image-2026-02-13-at-08.53.42-768x432.jpeg 768w, https:\/\/sinttelrs.org.br\/wp-content\/uploads\/2026\/02\/WhatsApp-Image-2026-02-13-at-08.53.42-1536x864.jpeg 1536w, https:\/\/sinttelrs.org.br\/wp-content\/uploads\/2026\/02\/WhatsApp-Image-2026-02-13-at-08.53.42.jpeg 1600w\" sizes=\"(max-width: 767px) 89vw, (max-width: 1000px) 54vw, (max-width: 1071px) 543px, 580px\" \/><\/figure>\n\n\n\n<figure class=\"wp-block-image size-large\"><img loading=\"lazy\" decoding=\"async\" width=\"1024\" height=\"576\" data-id=\"12215\" src=\"https:\/\/sinttelrs.org.br\/wp-content\/uploads\/2026\/02\/WhatsApp-Image-2026-02-13-at-08.53.49-1024x576.jpeg\" alt=\"\" class=\"wp-image-12215\" srcset=\"https:\/\/sinttelrs.org.br\/wp-content\/uploads\/2026\/02\/WhatsApp-Image-2026-02-13-at-08.53.49-1024x576.jpeg 1024w, https:\/\/sinttelrs.org.br\/wp-content\/uploads\/2026\/02\/WhatsApp-Image-2026-02-13-at-08.53.49-300x169.jpeg 300w, https:\/\/sinttelrs.org.br\/wp-content\/uploads\/2026\/02\/WhatsApp-Image-2026-02-13-at-08.53.49-768x432.jpeg 768w, https:\/\/sinttelrs.org.br\/wp-content\/uploads\/2026\/02\/WhatsApp-Image-2026-02-13-at-08.53.49-1536x864.jpeg 1536w, https:\/\/sinttelrs.org.br\/wp-content\/uploads\/2026\/02\/WhatsApp-Image-2026-02-13-at-08.53.49.jpeg 1600w\" sizes=\"(max-width: 767px) 89vw, (max-width: 1000px) 54vw, (max-width: 1071px) 543px, 580px\" \/><\/figure>\n\n\n\n<figure class=\"wp-block-image size-large\"><img loading=\"lazy\" decoding=\"async\" width=\"1024\" height=\"768\" data-id=\"12210\" src=\"https:\/\/sinttelrs.org.br\/wp-content\/uploads\/2026\/02\/WhatsApp-Image-2026-02-13-at-09.23.16-1024x768.jpeg\" alt=\"\" class=\"wp-image-12210\" srcset=\"https:\/\/sinttelrs.org.br\/wp-content\/uploads\/2026\/02\/WhatsApp-Image-2026-02-13-at-09.23.16-1024x768.jpeg 1024w, https:\/\/sinttelrs.org.br\/wp-content\/uploads\/2026\/02\/WhatsApp-Image-2026-02-13-at-09.23.16-300x225.jpeg 300w, https:\/\/sinttelrs.org.br\/wp-content\/uploads\/2026\/02\/WhatsApp-Image-2026-02-13-at-09.23.16-768x576.jpeg 768w, https:\/\/sinttelrs.org.br\/wp-content\/uploads\/2026\/02\/WhatsApp-Image-2026-02-13-at-09.23.16.jpeg 1280w\" sizes=\"(max-width: 767px) 89vw, (max-width: 1000px) 54vw, (max-width: 1071px) 543px, 580px\" \/><\/figure>\n<\/figure>\n","protected":false},"excerpt":{"rendered":"<p>O SINTTEL-RS segue fortalecendo o trabalho de base e o di\u00e1logo direto com a categoria. H\u00e1 semanas, dirigentes do Sindicato est\u00e3o percorrendo empresas no Litoral Norte do Rio Grande do Sul, conversando com trabalhadores e trabalhadoras, ouvindo demandas, esclarecendo d\u00favidas e refor\u00e7ando a import\u00e2ncia da organiza\u00e7\u00e3o coletiva. Entre os dias 09\/02 e 13\/02\/2026, os dirigente &hellip; <\/p>\n<p class=\"link-more\"><a href=\"https:\/\/sinttelrs.org.br\/?p=12205\" class=\"more-link\">Continue lendo<span class=\"screen-reader-text\"> &#8220;Litoral Norte: SINTTEL-RS visita bases e dialoga com os trabalhadores\/as&#8221;<\/span><\/a><\/p>\n","protected":false},"author":2,"featured_media":12206,"comment_status":"closed","ping_status":"closed","sticky":false,"template":"","format":"standard","meta":{"footnotes":""},"categories":[8],"tags":[],"data-base":[],"seguimento-empresa":[],"nome_empresa":[],"convencoes":[],"acordos_coletivos":[],"class_list":["post-12205","post","type-post","status-publish","format-standard","has-post-thumbnail","hentry","category-destaques"],"_links":{"self":[{"href":"https:\/\/sinttelrs.org.br\/index.php?rest_route=\/wp\/v2\/posts\/12205","targetHints":{"allow":["GET"]}}],"collection":[{"href":"https:\/\/sinttelrs.org.br\/index.php?rest_route=\/wp\/v2\/posts"}],"about":[{"href":"https:\/\/sinttelrs.org.br\/index.php?rest_route=\/wp\/v2\/types\/post"}],"author":[{"embeddable":true,"href":"https:\/\/sinttelrs.org.br\/index.php?rest_route=\/wp\/v2\/users\/2"}],"replies":[{"embeddable":true,"href":"https:\/\/sinttelrs.org.br\/index.php?rest_route=%2Fwp%2Fv2%2Fcomments&post=12205"}],"version-history":[{"count":3,"href":"https:\/\/sinttelrs.org.br\/index.php?rest_route=\/wp\/v2\/posts\/12205\/revisions"}],"predecessor-version":[{"id":12219,"href":"https:\/\/sinttelrs.org.br\/index.php?rest_route=\/wp\/v2\/posts\/12205\/revisions\/12219"}],"wp:featuredmedia":[{"embeddable":true,"href":"https:\/\/sinttelrs.org.br\/index.php?rest_route=\/wp\/v2\/media\/12206"}],"wp:attachment":[{"href":"https:\/\/sinttelrs.org.br\/index.php?rest_route=%2Fwp%2Fv2%2Fmedia&parent=12205"}],"wp:term":[{"taxonomy":"category","embeddable":true,"href":"https:\/\/sinttelrs.org.br\/index.php?rest_route=%2Fwp%2Fv2%2Fcategories&post=12205"},{"taxonomy":"post_tag","embeddable":true,"href":"https:\/\/sinttelrs.org.br\/index.php?rest_route=%2Fwp%2Fv2%2Ftags&post=12205"},{"taxonomy":"data-base","embeddable":true,"href":"https:\/\/sinttelrs.org.br\/index.php?rest_route=%2Fwp%2Fv2%2Fdata-base&post=12205"},{"taxonomy":"seguimento-empresa","embeddable":true,"href":"https:\/\/sinttelrs.org.br\/index.php?rest_route=%2Fwp%2Fv2%2Fseguimento-empresa&post=12205"},{"taxonomy":"nome_empresa","embeddable":true,"href":"https:\/\/sinttelrs.org.br\/index.php?rest_route=%2Fwp%2Fv2%2Fnome_empresa&post=12205"},{"taxonomy":"convencoes","embeddable":true,"href":"https:\/\/sinttelrs.org.br\/index.php?rest_route=%2Fwp%2Fv2%2Fconvencoes&post=12205"},{"taxonomy":"acordos_coletivos","embeddable":true,"href":"https:\/\/sinttelrs.org.br\/index.php?rest_route=%2Fwp%2Fv2%2Facordos_coletivos&post=12205"}],"curies":[{"name":"wp","href":"https:\/\/api.w.org\/{rel}","templated":true}]}}