{"id":12156,"date":"2026-01-28T11:09:13","date_gmt":"2026-01-28T14:09:13","guid":{"rendered":"https:\/\/sinttelrs.org.br\/?p=12156"},"modified":"2026-01-28T11:09:14","modified_gmt":"2026-01-28T14:09:14","slug":"tlp-sinttel-rs-participa-de-integracao-com-novos-empregados","status":"publish","type":"post","link":"https:\/\/sinttelrs.org.br\/?p=12156","title":{"rendered":"TLP: SINTTEL-RS PARTICIPA DE INTEGRA\u00c7\u00c3O COM NOVOS EMPREGADOS"},"content":{"rendered":"\n<p>Dirigentes do SINTTEL-RS participaram, dia 26\/01, do momento de integra\u00e7\u00e3o dos novos trabalhadores na TLP dando as boas-vindas ao todos e falando sobre o papel do SINTTEL-RS na luta por melhores condi\u00e7\u00f5es de trabalho, sal\u00e1rios dignos e manuten\u00e7\u00e3o dos direitos previstos em Acordo Coletivo.<\/p>\n\n\n\n<p>Eles tamb\u00e9m apresentaram o Instituto Avan\u00e7ar, parceiro do Sindicato em a\u00e7\u00f5es de forma\u00e7\u00e3o e qualifica\u00e7\u00e3o, al\u00e9m de diversos servi\u00e7os e terapias alternativas aos trabalhadores, divulgaram a Col\u00f4nia de F\u00e9rias do Sindicato em Rondinha, litoral norte do estado, e destacaram a import\u00e2ncia da sindicaliza\u00e7\u00e3o.<\/p>\n\n\n\n<p>Reafirmaram o compromisso do Sindicato com a categoria e com a defesa dos direitos de todos os profissionais do setor e refor\u00e7aram a import\u00e2ncia da organiza\u00e7\u00e3o coletiva e as vantagens de ser sindicalizado.<\/p>\n\n\n\n<p>Depois das falas, foram feitas novas sindicaliza\u00e7\u00f5es, mostrando a consci\u00eancia dos trabalhadores em fortalecer a sua principal ferramenta de luta.<\/p>\n\n\n\n<p>PRESEN\u00c7A IMPORTANTE &#8211; A presen\u00e7a do SINTTEL-RS nesses momentos \u00e9 muito importante e necess\u00e1ria, pois aproxima o Sindicato da base, leva informa\u00e7\u00f5es sobre direitos da categoria, esclarece d\u00favidas e refor\u00e7a o v\u00ednculo com quem est\u00e1 ingressando na empresa.<\/p>\n\n\n\n<p>O Sindicato segue firme, ao lado dos trabalhadores e trabalhadoras em telecomunica\u00e7\u00f5es, construindo diariamente uma representa\u00e7\u00e3o forte, atuante e comprometida com os interesses de toda a categoria.<\/p>\n\n\n\n<p>Assessoria de Comunica\u00e7\u00e3o<\/p>\n\n\n\n<p>28\/01\/2026 10:42:12<\/p>\n\n\n\n<p><\/p>\n","protected":false},"excerpt":{"rendered":"<p>Dirigentes do SINTTEL-RS participaram, dia 26\/01, do momento de integra\u00e7\u00e3o dos novos trabalhadores na TLP dando as boas-vindas ao todos e falando sobre o papel do SINTTEL-RS na luta por melhores condi\u00e7\u00f5es de trabalho, sal\u00e1rios dignos e manuten\u00e7\u00e3o dos direitos previstos em Acordo Coletivo. Eles tamb\u00e9m apresentaram o Instituto Avan\u00e7ar, parceiro do Sindicato em a\u00e7\u00f5es &hellip; <\/p>\n<p class=\"link-more\"><a href=\"https:\/\/sinttelrs.org.br\/?p=12156\" class=\"more-link\">Continue lendo<span class=\"screen-reader-text\"> &#8220;TLP: SINTTEL-RS PARTICIPA DE INTEGRA\u00c7\u00c3O COM NOVOS EMPREGADOS&#8221;<\/span><\/a><\/p>\n","protected":false},"author":2,"featured_media":12157,"comment_status":"closed","ping_status":"closed","sticky":false,"template":"","format":"standard","meta":{"footnotes":""},"categories":[8],"tags":[],"data-base":[],"seguimento-empresa":[],"nome_empresa":[],"convencoes":[],"acordos_coletivos":[],"class_list":["post-12156","post","type-post","status-publish","format-standard","has-post-thumbnail","hentry","category-destaques"],"_links":{"self":[{"href":"https:\/\/sinttelrs.org.br\/index.php?rest_route=\/wp\/v2\/posts\/12156","targetHints":{"allow":["GET"]}}],"collection":[{"href":"https:\/\/sinttelrs.org.br\/index.php?rest_route=\/wp\/v2\/posts"}],"about":[{"href":"https:\/\/sinttelrs.org.br\/index.php?rest_route=\/wp\/v2\/types\/post"}],"author":[{"embeddable":true,"href":"https:\/\/sinttelrs.org.br\/index.php?rest_route=\/wp\/v2\/users\/2"}],"replies":[{"embeddable":true,"href":"https:\/\/sinttelrs.org.br\/index.php?rest_route=%2Fwp%2Fv2%2Fcomments&post=12156"}],"version-history":[{"count":1,"href":"https:\/\/sinttelrs.org.br\/index.php?rest_route=\/wp\/v2\/posts\/12156\/revisions"}],"predecessor-version":[{"id":12158,"href":"https:\/\/sinttelrs.org.br\/index.php?rest_route=\/wp\/v2\/posts\/12156\/revisions\/12158"}],"wp:featuredmedia":[{"embeddable":true,"href":"https:\/\/sinttelrs.org.br\/index.php?rest_route=\/wp\/v2\/media\/12157"}],"wp:attachment":[{"href":"https:\/\/sinttelrs.org.br\/index.php?rest_route=%2Fwp%2Fv2%2Fmedia&parent=12156"}],"wp:term":[{"taxonomy":"category","embeddable":true,"href":"https:\/\/sinttelrs.org.br\/index.php?rest_route=%2Fwp%2Fv2%2Fcategories&post=12156"},{"taxonomy":"post_tag","embeddable":true,"href":"https:\/\/sinttelrs.org.br\/index.php?rest_route=%2Fwp%2Fv2%2Ftags&post=12156"},{"taxonomy":"data-base","embeddable":true,"href":"https:\/\/sinttelrs.org.br\/index.php?rest_route=%2Fwp%2Fv2%2Fdata-base&post=12156"},{"taxonomy":"seguimento-empresa","embeddable":true,"href":"https:\/\/sinttelrs.org.br\/index.php?rest_route=%2Fwp%2Fv2%2Fseguimento-empresa&post=12156"},{"taxonomy":"nome_empresa","embeddable":true,"href":"https:\/\/sinttelrs.org.br\/index.php?rest_route=%2Fwp%2Fv2%2Fnome_empresa&post=12156"},{"taxonomy":"convencoes","embeddable":true,"href":"https:\/\/sinttelrs.org.br\/index.php?rest_route=%2Fwp%2Fv2%2Fconvencoes&post=12156"},{"taxonomy":"acordos_coletivos","embeddable":true,"href":"https:\/\/sinttelrs.org.br\/index.php?rest_route=%2Fwp%2Fv2%2Facordos_coletivos&post=12156"}],"curies":[{"name":"wp","href":"https:\/\/api.w.org\/{rel}","templated":true}]}}