{"id":12126,"date":"2026-01-20T16:40:23","date_gmt":"2026-01-20T19:40:23","guid":{"rendered":"https:\/\/sinttelrs.org.br\/?p=12126"},"modified":"2026-01-20T16:43:02","modified_gmt":"2026-01-20T19:43:02","slug":"o-sinttel-rs-marcou-presenca-nos-93-anos-do-sindbancarios","status":"publish","type":"post","link":"https:\/\/sinttelrs.org.br\/?p=12126","title":{"rendered":"O SINTTEL-RS marcou presen\u00e7a nos 93 anos do SindBanc\u00e1rios"},"content":{"rendered":"\n<p>Representantes do SINTTEL-RS participaram, dia 15\/01, da atividade em celebra\u00e7\u00e3o aos 93 anos do SindiBanc\u00e1rios-POA, refor\u00e7ando a parceria hist\u00f3rica entre as duas entidades na defesa dos direitos de trabalhadores e trabalhadoras.<\/p>\n\n\n\n<p>Em um cen\u00e1rio marcado por desafios no setor financeiro, como a terceiriza\u00e7\u00e3o, a manipula\u00e7\u00e3o de contratos e a diminui\u00e7\u00e3o expressiva do n\u00famero de trabalhadores \u2013 situa\u00e7\u00e3o que tamb\u00e9m \u00e9 registrada entre os trabalhadores telef\u00f4nicos, a uni\u00e3o entre os sindicatos se mostra ainda mais fundamental para enfrentar os retrocessos e fortalecer a luta coletiva.<\/p>\n\n\n\n<p>Durante o evento, pautas importantes foram debatidas, como a necessidade de ampliar a participa\u00e7\u00e3o feminina nas \u00e1reas de Tecnologia da Informa\u00e7\u00e3o, a luta contra pr\u00e1ticas que precarizam o trabalho e o compromisso com a democracia e a escolha de representantes alinhados aos interesses dos trabalhadores. Iniciativas como o programa \u201cMulheres na TI\u201d, conquistado na Conven\u00e7\u00e3o Coletiva de Trabalho de 2024 dos banc\u00e1rios, destacam o empenho conjunto em promover inclus\u00e3o e igualdade de oportunidades.<\/p>\n\n\n\n<p>O SINTTEL-RS parabeniza toda a categoria banc\u00e1ria pela trajet\u00f3ria de resist\u00eancia e conquistas ao longo dessas nove d\u00e9cadas e reitera seu compromisso de caminhar junto ao SindBanc\u00e1rios na constru\u00e7\u00e3o de um futuro mais justo, democr\u00e1tico e inclusivo para todos e todas. Que essa parceria siga inspirando e fortalecendo a atua\u00e7\u00e3o sindical, renovando a esperan\u00e7a e a luta di\u00e1ria por melhores condi\u00e7\u00f5es de vida e trabalho.<\/p>\n\n\n\n<p>Assessoria de Comunica\u00e7\u00e3o<\/p>\n\n\n\n<p>16\/01\/2026 19:12:53<\/p>\n","protected":false},"excerpt":{"rendered":"<p>Representantes do SINTTEL-RS participaram, dia 15\/01, da atividade em celebra\u00e7\u00e3o aos 93 anos do SindiBanc\u00e1rios-POA, refor\u00e7ando a parceria hist\u00f3rica entre as duas entidades na defesa dos direitos de trabalhadores e trabalhadoras. Em um cen\u00e1rio marcado por desafios no setor financeiro, como a terceiriza\u00e7\u00e3o, a manipula\u00e7\u00e3o de contratos e a diminui\u00e7\u00e3o expressiva do n\u00famero de trabalhadores &hellip; <\/p>\n<p class=\"link-more\"><a href=\"https:\/\/sinttelrs.org.br\/?p=12126\" class=\"more-link\">Continue lendo<span class=\"screen-reader-text\"> &#8220;O SINTTEL-RS marcou presen\u00e7a nos 93 anos do SindBanc\u00e1rios&#8221;<\/span><\/a><\/p>\n","protected":false},"author":2,"featured_media":12127,"comment_status":"closed","ping_status":"closed","sticky":false,"template":"","format":"standard","meta":{"footnotes":""},"categories":[8,1],"tags":[],"data-base":[],"seguimento-empresa":[],"nome_empresa":[],"convencoes":[],"acordos_coletivos":[],"class_list":["post-12126","post","type-post","status-publish","format-standard","has-post-thumbnail","hentry","category-destaques","category-sem-categoria"],"_links":{"self":[{"href":"https:\/\/sinttelrs.org.br\/index.php?rest_route=\/wp\/v2\/posts\/12126","targetHints":{"allow":["GET"]}}],"collection":[{"href":"https:\/\/sinttelrs.org.br\/index.php?rest_route=\/wp\/v2\/posts"}],"about":[{"href":"https:\/\/sinttelrs.org.br\/index.php?rest_route=\/wp\/v2\/types\/post"}],"author":[{"embeddable":true,"href":"https:\/\/sinttelrs.org.br\/index.php?rest_route=\/wp\/v2\/users\/2"}],"replies":[{"embeddable":true,"href":"https:\/\/sinttelrs.org.br\/index.php?rest_route=%2Fwp%2Fv2%2Fcomments&post=12126"}],"version-history":[{"count":1,"href":"https:\/\/sinttelrs.org.br\/index.php?rest_route=\/wp\/v2\/posts\/12126\/revisions"}],"predecessor-version":[{"id":12128,"href":"https:\/\/sinttelrs.org.br\/index.php?rest_route=\/wp\/v2\/posts\/12126\/revisions\/12128"}],"wp:featuredmedia":[{"embeddable":true,"href":"https:\/\/sinttelrs.org.br\/index.php?rest_route=\/wp\/v2\/media\/12127"}],"wp:attachment":[{"href":"https:\/\/sinttelrs.org.br\/index.php?rest_route=%2Fwp%2Fv2%2Fmedia&parent=12126"}],"wp:term":[{"taxonomy":"category","embeddable":true,"href":"https:\/\/sinttelrs.org.br\/index.php?rest_route=%2Fwp%2Fv2%2Fcategories&post=12126"},{"taxonomy":"post_tag","embeddable":true,"href":"https:\/\/sinttelrs.org.br\/index.php?rest_route=%2Fwp%2Fv2%2Ftags&post=12126"},{"taxonomy":"data-base","embeddable":true,"href":"https:\/\/sinttelrs.org.br\/index.php?rest_route=%2Fwp%2Fv2%2Fdata-base&post=12126"},{"taxonomy":"seguimento-empresa","embeddable":true,"href":"https:\/\/sinttelrs.org.br\/index.php?rest_route=%2Fwp%2Fv2%2Fseguimento-empresa&post=12126"},{"taxonomy":"nome_empresa","embeddable":true,"href":"https:\/\/sinttelrs.org.br\/index.php?rest_route=%2Fwp%2Fv2%2Fnome_empresa&post=12126"},{"taxonomy":"convencoes","embeddable":true,"href":"https:\/\/sinttelrs.org.br\/index.php?rest_route=%2Fwp%2Fv2%2Fconvencoes&post=12126"},{"taxonomy":"acordos_coletivos","embeddable":true,"href":"https:\/\/sinttelrs.org.br\/index.php?rest_route=%2Fwp%2Fv2%2Facordos_coletivos&post=12126"}],"curies":[{"name":"wp","href":"https:\/\/api.w.org\/{rel}","templated":true}]}}