{"id":11609,"date":"2025-09-02T10:51:13","date_gmt":"2025-09-02T13:51:13","guid":{"rendered":"https:\/\/sinttelrs.org.br\/?p=11609"},"modified":"2025-09-02T10:51:15","modified_gmt":"2025-09-02T13:51:15","slug":"posse-do-sindisindi-marca-novos-rumos-para-a-entidade","status":"publish","type":"post","link":"https:\/\/sinttelrs.org.br\/?p=11609","title":{"rendered":"Posse do SINDISINDI marca novos rumos para a entidade"},"content":{"rendered":"\n<p>No dia 22 de agosto, o SINDISINDI realizou a solenidade de posse da nova diretoria, reafirmando o compromisso com a defesa dos trabalhadores e trabalhadoras que atuam nas entidades sindicais.<\/p>\n\n\n\n<p>A presid\u00eancia da entidade ser\u00e1 exercida por&nbsp;<strong>Jos\u00e9 Batista<\/strong>, tendo como&nbsp;<strong>vice-presidenta J\u00e9ssica Winch<\/strong>. Eles assumem a gest\u00e3o com a miss\u00e3o de fortalecer ainda mais a luta coletiva e a representatividade da categoria.<\/p>\n\n\n\n<p>Durante o ato, foi prestada homenagem especial \u00e0&nbsp;<strong>Raquel<\/strong>, que trabalha h\u00e1 mais de quatro d\u00e9cadas no Sindipolo e que foi lembrada por sua trajet\u00f3ria de dedica\u00e7\u00e3o ao movimento sindical. Al\u00e9m dela, houve refer\u00eancia e falas em reconhecimento ao companheiro&nbsp;<strong>Paulinho<\/strong>, que atuava no SINTTEL-RS e j\u00e1 falecido, refor\u00e7ando a import\u00e2ncia da mem\u00f3ria e da contribui\u00e7\u00e3o de tantos e tantas pessoas para a constru\u00e7\u00e3o do movimento sindical.<\/p>\n\n\n\n<p>A posse foi marcada por um clima de uni\u00e3o, simbolizando n\u00e3o apenas a continuidade, mas tamb\u00e9m a renova\u00e7\u00e3o da luta sindical. O SINDISINDI inicia este novo ciclo com o compromisso de seguir defendendo direitos, ampliando conquistas e mantendo viva a solidariedade entre os trabalhadores e trabalhadoras.<\/p>\n\n\n\n<p>Assessoria de Comunica\u00e7\u00e3o<\/p>\n\n\n\n<p>01\/09\/2025 17:41:24<\/p>\n\n\n\n<p><\/p>\n","protected":false},"excerpt":{"rendered":"<p>No dia 22 de agosto, o SINDISINDI realizou a solenidade de posse da nova diretoria, reafirmando o compromisso com a defesa dos trabalhadores e trabalhadoras que atuam nas entidades sindicais. A presid\u00eancia da entidade ser\u00e1 exercida por&nbsp;Jos\u00e9 Batista, tendo como&nbsp;vice-presidenta J\u00e9ssica Winch. Eles assumem a gest\u00e3o com a miss\u00e3o de fortalecer ainda mais a luta &hellip; <\/p>\n<p class=\"link-more\"><a href=\"https:\/\/sinttelrs.org.br\/?p=11609\" class=\"more-link\">Continue lendo<span class=\"screen-reader-text\"> &#8220;Posse do SINDISINDI marca novos rumos para a entidade&#8221;<\/span><\/a><\/p>\n","protected":false},"author":2,"featured_media":11610,"comment_status":"closed","ping_status":"closed","sticky":false,"template":"","format":"standard","meta":{"footnotes":""},"categories":[8],"tags":[],"data-base":[],"seguimento-empresa":[],"nome_empresa":[],"convencoes":[],"acordos_coletivos":[],"class_list":["post-11609","post","type-post","status-publish","format-standard","has-post-thumbnail","hentry","category-destaques"],"_links":{"self":[{"href":"https:\/\/sinttelrs.org.br\/index.php?rest_route=\/wp\/v2\/posts\/11609","targetHints":{"allow":["GET"]}}],"collection":[{"href":"https:\/\/sinttelrs.org.br\/index.php?rest_route=\/wp\/v2\/posts"}],"about":[{"href":"https:\/\/sinttelrs.org.br\/index.php?rest_route=\/wp\/v2\/types\/post"}],"author":[{"embeddable":true,"href":"https:\/\/sinttelrs.org.br\/index.php?rest_route=\/wp\/v2\/users\/2"}],"replies":[{"embeddable":true,"href":"https:\/\/sinttelrs.org.br\/index.php?rest_route=%2Fwp%2Fv2%2Fcomments&post=11609"}],"version-history":[{"count":1,"href":"https:\/\/sinttelrs.org.br\/index.php?rest_route=\/wp\/v2\/posts\/11609\/revisions"}],"predecessor-version":[{"id":11611,"href":"https:\/\/sinttelrs.org.br\/index.php?rest_route=\/wp\/v2\/posts\/11609\/revisions\/11611"}],"wp:featuredmedia":[{"embeddable":true,"href":"https:\/\/sinttelrs.org.br\/index.php?rest_route=\/wp\/v2\/media\/11610"}],"wp:attachment":[{"href":"https:\/\/sinttelrs.org.br\/index.php?rest_route=%2Fwp%2Fv2%2Fmedia&parent=11609"}],"wp:term":[{"taxonomy":"category","embeddable":true,"href":"https:\/\/sinttelrs.org.br\/index.php?rest_route=%2Fwp%2Fv2%2Fcategories&post=11609"},{"taxonomy":"post_tag","embeddable":true,"href":"https:\/\/sinttelrs.org.br\/index.php?rest_route=%2Fwp%2Fv2%2Ftags&post=11609"},{"taxonomy":"data-base","embeddable":true,"href":"https:\/\/sinttelrs.org.br\/index.php?rest_route=%2Fwp%2Fv2%2Fdata-base&post=11609"},{"taxonomy":"seguimento-empresa","embeddable":true,"href":"https:\/\/sinttelrs.org.br\/index.php?rest_route=%2Fwp%2Fv2%2Fseguimento-empresa&post=11609"},{"taxonomy":"nome_empresa","embeddable":true,"href":"https:\/\/sinttelrs.org.br\/index.php?rest_route=%2Fwp%2Fv2%2Fnome_empresa&post=11609"},{"taxonomy":"convencoes","embeddable":true,"href":"https:\/\/sinttelrs.org.br\/index.php?rest_route=%2Fwp%2Fv2%2Fconvencoes&post=11609"},{"taxonomy":"acordos_coletivos","embeddable":true,"href":"https:\/\/sinttelrs.org.br\/index.php?rest_route=%2Fwp%2Fv2%2Facordos_coletivos&post=11609"}],"curies":[{"name":"wp","href":"https:\/\/api.w.org\/{rel}","templated":true}]}}