{"id":10567,"date":"2025-03-19T12:11:17","date_gmt":"2025-03-19T15:11:17","guid":{"rendered":"https:\/\/sinttelrs.org.br\/?p=10567"},"modified":"2025-03-19T12:11:18","modified_gmt":"2025-03-19T15:11:18","slug":"sinttel-rs-participa-de-reuniao-da-camara-setorial-do-trabalho-terceirizado","status":"publish","type":"post","link":"https:\/\/sinttelrs.org.br\/?p=10567","title":{"rendered":"SINTTEL-RS participa de reuni\u00e3o da C\u00e2mara Setorial do Trabalho Terceirizado"},"content":{"rendered":"\n<p>O dirigente do SINTTEL-RS, Cristiano Correa, participou, representando a entidade, da reuni\u00e3o ocorrida no<strong> dia 13 de mar\u00e7o<\/strong>, que tratou das a\u00e7\u00f5es referentes \u00e0s propostas Legislativas da C\u00e2mara Setorial do Trabalho Terceirizado. O encontro ocorreu na sede da Superintend\u00eancia Regional do Trabalho e Emprego (SRTE-RS), \u00f3rg\u00e3o do Minist\u00e9rio do Trabalho e contou com a presen\u00e7a do Superintendente, Claudir Nespolo.<br>Na sua fala, <strong>o dirigente do Sindicato reiterou ser extremamente necess\u00e1ria a regula\u00e7\u00e3o das atividades de MEI, pois est\u00e1 cada vez mais claro e frequente o desvio de finalidade deste modelo de contrata\u00e7\u00e3o<\/strong> que, ao inv\u00e9s de sua utiliza\u00e7\u00e3o como fora institu\u00eddo, objetivando acabar com a informalidade, est\u00e1 sendo cada vez mais utilizado em atividades fim e\/ou preponderantes e periculosas como no setor de telecomunica\u00e7\u00f5es e eletricit\u00e1rios, por exemplo. \u201cPara n\u00f3s, esse entendimento deveria ser vetado, pois exp\u00f5e o trabalhador a riscos, tendo suprimido no seu contrato, valores necess\u00e1rios para sua seguran\u00e7a no desempenho de suas atividades\u201d, pontuou ele. De acordo com Cristiano, foram relatados tamb\u00e9m abusos na situa\u00e7\u00e3o do Polo Petroqu\u00edmico de Triunfo, onde dois ter\u00e7os da m\u00e3o de obra \u00e9 terceirizada.<br>Ao final do encontro, e depois de ouvir os relatos, o Superintendente sugeriu que nas pr\u00f3ximas reuni\u00f5es sejam convidadas a Secretaria de Governan\u00e7a, TCU e FAMURS, bem como representantes da Frente Parlamentar em Defesa das Trabalhadoras e dos Trabalhadores Terceirizados do Rio Grande do Sul na ALERGS.<br>Outro ponto destacado foram as Cartilhas elaboradas em 2023, que dever\u00e3o ser aprofundadas e atualizadas.<br>A pr\u00f3xima reuni\u00e3o ser\u00e1 com os segmentos laboral e patronal, a fim de chegar a um ponto de converg\u00eancia entre as partes.<br>Assessoria de Comunica\u00e7\u00e3o<br>18\/03\/2025 22:54:52<\/p>\n\n\n\n<p><\/p>\n","protected":false},"excerpt":{"rendered":"<p>O dirigente do SINTTEL-RS, Cristiano Correa, participou, representando a entidade, da reuni\u00e3o ocorrida no dia 13 de mar\u00e7o, que tratou das a\u00e7\u00f5es referentes \u00e0s propostas Legislativas da C\u00e2mara Setorial do Trabalho Terceirizado. O encontro ocorreu na sede da Superintend\u00eancia Regional do Trabalho e Emprego (SRTE-RS), \u00f3rg\u00e3o do Minist\u00e9rio do Trabalho e contou com a presen\u00e7a &hellip; <\/p>\n<p class=\"link-more\"><a href=\"https:\/\/sinttelrs.org.br\/?p=10567\" class=\"more-link\">Continue lendo<span class=\"screen-reader-text\"> &#8220;SINTTEL-RS participa de reuni\u00e3o da C\u00e2mara Setorial do Trabalho Terceirizado&#8221;<\/span><\/a><\/p>\n","protected":false},"author":2,"featured_media":10568,"comment_status":"open","ping_status":"open","sticky":false,"template":"","format":"standard","meta":{"footnotes":""},"categories":[8],"tags":[],"data-base":[],"seguimento-empresa":[],"nome_empresa":[],"convencoes":[],"acordos_coletivos":[],"class_list":["post-10567","post","type-post","status-publish","format-standard","has-post-thumbnail","hentry","category-destaques"],"_links":{"self":[{"href":"https:\/\/sinttelrs.org.br\/index.php?rest_route=\/wp\/v2\/posts\/10567","targetHints":{"allow":["GET"]}}],"collection":[{"href":"https:\/\/sinttelrs.org.br\/index.php?rest_route=\/wp\/v2\/posts"}],"about":[{"href":"https:\/\/sinttelrs.org.br\/index.php?rest_route=\/wp\/v2\/types\/post"}],"author":[{"embeddable":true,"href":"https:\/\/sinttelrs.org.br\/index.php?rest_route=\/wp\/v2\/users\/2"}],"replies":[{"embeddable":true,"href":"https:\/\/sinttelrs.org.br\/index.php?rest_route=%2Fwp%2Fv2%2Fcomments&post=10567"}],"version-history":[{"count":1,"href":"https:\/\/sinttelrs.org.br\/index.php?rest_route=\/wp\/v2\/posts\/10567\/revisions"}],"predecessor-version":[{"id":10569,"href":"https:\/\/sinttelrs.org.br\/index.php?rest_route=\/wp\/v2\/posts\/10567\/revisions\/10569"}],"wp:featuredmedia":[{"embeddable":true,"href":"https:\/\/sinttelrs.org.br\/index.php?rest_route=\/wp\/v2\/media\/10568"}],"wp:attachment":[{"href":"https:\/\/sinttelrs.org.br\/index.php?rest_route=%2Fwp%2Fv2%2Fmedia&parent=10567"}],"wp:term":[{"taxonomy":"category","embeddable":true,"href":"https:\/\/sinttelrs.org.br\/index.php?rest_route=%2Fwp%2Fv2%2Fcategories&post=10567"},{"taxonomy":"post_tag","embeddable":true,"href":"https:\/\/sinttelrs.org.br\/index.php?rest_route=%2Fwp%2Fv2%2Ftags&post=10567"},{"taxonomy":"data-base","embeddable":true,"href":"https:\/\/sinttelrs.org.br\/index.php?rest_route=%2Fwp%2Fv2%2Fdata-base&post=10567"},{"taxonomy":"seguimento-empresa","embeddable":true,"href":"https:\/\/sinttelrs.org.br\/index.php?rest_route=%2Fwp%2Fv2%2Fseguimento-empresa&post=10567"},{"taxonomy":"nome_empresa","embeddable":true,"href":"https:\/\/sinttelrs.org.br\/index.php?rest_route=%2Fwp%2Fv2%2Fnome_empresa&post=10567"},{"taxonomy":"convencoes","embeddable":true,"href":"https:\/\/sinttelrs.org.br\/index.php?rest_route=%2Fwp%2Fv2%2Fconvencoes&post=10567"},{"taxonomy":"acordos_coletivos","embeddable":true,"href":"https:\/\/sinttelrs.org.br\/index.php?rest_route=%2Fwp%2Fv2%2Facordos_coletivos&post=10567"}],"curies":[{"name":"wp","href":"https:\/\/api.w.org\/{rel}","templated":true}]}}